{"id":100671,"date":"2023-12-02T13:03:37","date_gmt":"2023-12-02T20:03:37","guid":{"rendered":"https:\/\/plataformanoticias.mx\/?p=100671"},"modified":"2023-12-02T13:04:00","modified_gmt":"2023-12-02T20:04:00","slug":"jurisdiccion-sanitaria-exhorta-a-la-poblacion-a-cuidarse-ante-las-bajas-temperaturas","status":"publish","type":"post","link":"https:\/\/plataformanoticias.mx\/?p=100671","title":{"rendered":"Jurisdicci\u00f3n Sanitaria exhorta a la poblaci\u00f3n a cuidarse ante las bajas temperaturas"},"content":{"rendered":"\n<p><\/p>\n\n\n\n<p><strong>Los Mochis, Sinaloa<\/strong>.- Ante el descenso de temperatura que se ha registrado ya en los \u00faltimos d\u00edas, el sector Salud pidi\u00f3 extremar cuidados para evitar cuadros respiratorios que pudieran complicarse con una neumon\u00eda.<br>V\u00edctor Lim Zavala, jefe de la Jurisdicci\u00f3n Sanitaria n\u00famero Uno dijo que si bien es cierto se han presentado algunos casos con complicaciones, esto no marca un incremento que represente riesgo; sin embargo, se refiri\u00f3 a la importancia de cuidarse.<br>&#8220;El comportamiento de los padecimientos respiratorios ha sido dentro de la endemia esperada, no tenemos realmente un incremento en los problemas respiratorios de v\u00edas bajas de neumon\u00edas, se han reportado algunos brotes en otros pa\u00edses en Europa y en Asia debido a otros virus respiratorios pero en M\u00e9xico todav\u00eda no tenemos ese problema&#8221;, se\u00f1al\u00f3 .<br>En ese sentido, coment\u00f3 que de manera responsable y a fin de tener una panorama m\u00e1s real del comportamiento de las enfermedades comunes en esta temporada invernal, se mantiene un monitoreo constante en hospitales, consultorios y demas centros de atenci\u00f3n.<br>&#8220;Estamos monitoreando todas las infecciones de v\u00edas respiratorias para tener no nada m\u00e1s una vigilancia epidemiol\u00f3gica pasiva sino activa para ver si hay incrementos de estos pacientes (con neumon\u00eda) para tomar las medidas necesarias que claro, creo que con el Covid adquirimos ciertos comportamientos y eso lo debemos de seguir practicando como son el que una persona si se siente o tiene alguna infecci\u00f3n de v\u00eda respiratoria donde hay ni\u00f1os o adultos se debe mantener encerrado&#8221;, enfatiz\u00f3.<\/p>\n","protected":false},"excerpt":{"rendered":"<p>Los Mochis, Sinaloa.- Ante el descenso de temperatura que se ha registrado ya en los \u00faltimos d\u00edas, el sector Salud pidi\u00f3 extremar cuidados para evitar cuadros respiratorios que pudieran complicarse con una neumon\u00eda.V\u00edctor Lim Zavala, jefe de la Jurisdicci\u00f3n Sanitaria n\u00famero Uno dijo que si bien es cierto se han presentado algunos casos con complicaciones,<\/p>\n","protected":false},"author":6,"featured_media":100674,"comment_status":"closed","ping_status":"closed","sticky":false,"template":"","format":"standard","meta":{"footnotes":""},"categories":[38],"tags":[],"class_list":["post-100671","post","type-post","status-publish","format-standard","has-post-thumbnail","hentry","category-locales"],"_links":{"self":[{"href":"https:\/\/plataformanoticias.mx\/index.php?rest_route=\/wp\/v2\/posts\/100671","targetHints":{"allow":["GET"]}}],"collection":[{"href":"https:\/\/plataformanoticias.mx\/index.php?rest_route=\/wp\/v2\/posts"}],"about":[{"href":"https:\/\/plataformanoticias.mx\/index.php?rest_route=\/wp\/v2\/types\/post"}],"author":[{"embeddable":true,"href":"https:\/\/plataformanoticias.mx\/index.php?rest_route=\/wp\/v2\/users\/6"}],"replies":[{"embeddable":true,"href":"https:\/\/plataformanoticias.mx\/index.php?rest_route=%2Fwp%2Fv2%2Fcomments&post=100671"}],"version-history":[{"count":1,"href":"https:\/\/plataformanoticias.mx\/index.php?rest_route=\/wp\/v2\/posts\/100671\/revisions"}],"predecessor-version":[{"id":100673,"href":"https:\/\/plataformanoticias.mx\/index.php?rest_route=\/wp\/v2\/posts\/100671\/revisions\/100673"}],"wp:featuredmedia":[{"embeddable":true,"href":"https:\/\/plataformanoticias.mx\/index.php?rest_route=\/wp\/v2\/media\/100674"}],"wp:attachment":[{"href":"https:\/\/plataformanoticias.mx\/index.php?rest_route=%2Fwp%2Fv2%2Fmedia&parent=100671"}],"wp:term":[{"taxonomy":"category","embeddable":true,"href":"https:\/\/plataformanoticias.mx\/index.php?rest_route=%2Fwp%2Fv2%2Fcategories&post=100671"},{"taxonomy":"post_tag","embeddable":true,"href":"https:\/\/plataformanoticias.mx\/index.php?rest_route=%2Fwp%2Fv2%2Ftags&post=100671"}],"curies":[{"name":"wp","href":"https:\/\/api.w.org\/{rel}","templated":true}]}}