{"id":100679,"date":"2023-12-02T13:08:06","date_gmt":"2023-12-02T20:08:06","guid":{"rendered":"https:\/\/plataformanoticias.mx\/?p=100679"},"modified":"2023-12-02T13:08:06","modified_gmt":"2023-12-02T20:08:06","slug":"nombran-a-jose-maria-casanova-rodriguez-presidente-estatal-de-conarem-sinaloa","status":"publish","type":"post","link":"https:\/\/plataformanoticias.mx\/?p=100679","title":{"rendered":"Nombran a Jos\u00e9 Mar\u00eda Casanova Rodr\u00edguez presidente estatal de CONAREM Sinaloa."},"content":{"rendered":"\n<figure class=\"wp-block-image size-large\"><img loading=\"lazy\" decoding=\"async\" width=\"1024\" height=\"768\" src=\"https:\/\/plataformanoticias.mx\/wp-content\/uploads\/2023\/12\/09f1d5e5-5070-417b-b65b-67a0844d4691-1024x768.jpeg\" alt=\"\" class=\"wp-image-100681\" srcset=\"https:\/\/plataformanoticias.mx\/wp-content\/uploads\/2023\/12\/09f1d5e5-5070-417b-b65b-67a0844d4691-1024x768.jpeg 1024w, https:\/\/plataformanoticias.mx\/wp-content\/uploads\/2023\/12\/09f1d5e5-5070-417b-b65b-67a0844d4691-300x225.jpeg 300w, https:\/\/plataformanoticias.mx\/wp-content\/uploads\/2023\/12\/09f1d5e5-5070-417b-b65b-67a0844d4691-768x576.jpeg 768w, https:\/\/plataformanoticias.mx\/wp-content\/uploads\/2023\/12\/09f1d5e5-5070-417b-b65b-67a0844d4691.jpeg 1280w\" sizes=\"auto, (max-width: 1024px) 100vw, 1024px\" \/><\/figure>\n\n\n\n<p>Culiac\u00e1n, Sin.- Al rendir protesta como presidente estatal de la Confederaci\u00f3n Nacional de Regidores de M\u00e9xico (CONAREM) Sinaloa, Jos\u00e9 Mar\u00eda Casanova Rodr\u00edguez, se convierte en el vocero nacional de los 153 regidores y regidoras de los 18 municipios de Sinaloa, as\u00ed como de la ciudadan\u00eda a quienes representan.<\/p>\n\n\n\n<p>En su intervenci\u00f3n, se\u00f1al\u00f3 que realizar\u00e1n encuentros estatales de regidoras y regidores para compartir experiencias y conocimientos en cada uno de los temas del quehacer de los municipios y el estado, a fin de crear o enriquecer los programas y acciones de atenci\u00f3n a la ciudadan\u00eda, incluso elaborar propuestas que puedan ser apoyadas con asignaci\u00f3n de presupuesto o hasta reformas de Ley por el H. Congreso del Estado de Sinaloa.<\/p>\n\n\n\n<p>Hermilo P\u00e9rez Cabrera, director general de la Asociaci\u00f3n de Autoridades Locales de M\u00e9xico, pidi\u00f3 al nuevo dirigente estatal trabajar en unidad con los tres niveles de gobierno, pues solo con una buena coordinaci\u00f3n de los m\u00e1s de 12 mil regidores del pa\u00eds podr\u00e1n obtener el beneficio social para sus representados, tarea, para la cual fueron electos.<\/p>\n\n\n\n<p>A nombre del Presidente Municipal de Culiac\u00e1n, Arq. Juan de Dios G\u00e1mez Mend\u00edvil , la Secretaria de Bienestar, Aline Krystabel Guerra, extern\u00f3 que esta agrupaci\u00f3n, y su dirigente, contar\u00e1n con todo el apoyo institucional, siempre viendo por el beneficio ciudadano y el crecimiento de cada municipio.<\/p>\n\n\n\n<p>Presentes en este evento, la regidora Mar\u00eda del Carmen Noriega, presidenta de la Coordinaci\u00f3n Nacional de S\u00edndicos y Regidores de la Asociaci\u00f3n de Autoridades Locales de M\u00e9xico; el conferencista internacional V\u00edctor de Mar\u00eda, as\u00ed como regidoras y regidores de los 18 municipios del estado y de todas las fracciones Pol\u00edticas del Estado.<\/p>\n","protected":false},"excerpt":{"rendered":"<p>Culiac\u00e1n, Sin.- Al rendir protesta como presidente estatal de la Confederaci\u00f3n Nacional de Regidores de M\u00e9xico (CONAREM) Sinaloa, Jos\u00e9 Mar\u00eda Casanova Rodr\u00edguez, se convierte en el vocero nacional de los 153 regidores y regidoras de los 18 municipios de Sinaloa, as\u00ed como de la ciudadan\u00eda a quienes representan. En su intervenci\u00f3n, se\u00f1al\u00f3 que realizar\u00e1n encuentros<\/p>\n","protected":false},"author":6,"featured_media":100682,"comment_status":"closed","ping_status":"closed","sticky":false,"template":"","format":"standard","meta":{"footnotes":""},"categories":[31],"tags":[],"class_list":["post-100679","post","type-post","status-publish","format-standard","has-post-thumbnail","hentry","category-politica"],"_links":{"self":[{"href":"https:\/\/plataformanoticias.mx\/index.php?rest_route=\/wp\/v2\/posts\/100679","targetHints":{"allow":["GET"]}}],"collection":[{"href":"https:\/\/plataformanoticias.mx\/index.php?rest_route=\/wp\/v2\/posts"}],"about":[{"href":"https:\/\/plataformanoticias.mx\/index.php?rest_route=\/wp\/v2\/types\/post"}],"author":[{"embeddable":true,"href":"https:\/\/plataformanoticias.mx\/index.php?rest_route=\/wp\/v2\/users\/6"}],"replies":[{"embeddable":true,"href":"https:\/\/plataformanoticias.mx\/index.php?rest_route=%2Fwp%2Fv2%2Fcomments&post=100679"}],"version-history":[{"count":1,"href":"https:\/\/plataformanoticias.mx\/index.php?rest_route=\/wp\/v2\/posts\/100679\/revisions"}],"predecessor-version":[{"id":100683,"href":"https:\/\/plataformanoticias.mx\/index.php?rest_route=\/wp\/v2\/posts\/100679\/revisions\/100683"}],"wp:featuredmedia":[{"embeddable":true,"href":"https:\/\/plataformanoticias.mx\/index.php?rest_route=\/wp\/v2\/media\/100682"}],"wp:attachment":[{"href":"https:\/\/plataformanoticias.mx\/index.php?rest_route=%2Fwp%2Fv2%2Fmedia&parent=100679"}],"wp:term":[{"taxonomy":"category","embeddable":true,"href":"https:\/\/plataformanoticias.mx\/index.php?rest_route=%2Fwp%2Fv2%2Fcategories&post=100679"},{"taxonomy":"post_tag","embeddable":true,"href":"https:\/\/plataformanoticias.mx\/index.php?rest_route=%2Fwp%2Fv2%2Ftags&post=100679"}],"curies":[{"name":"wp","href":"https:\/\/api.w.org\/{rel}","templated":true}]}}