{"id":100684,"date":"2023-12-02T15:30:25","date_gmt":"2023-12-02T22:30:25","guid":{"rendered":"https:\/\/plataformanoticias.mx\/?p=100684"},"modified":"2023-12-02T15:30:26","modified_gmt":"2023-12-02T22:30:26","slug":"gobierno-de-rocha-continua-entregando-monederos-y-terminales-de-cobro-con-tarjeta-a-abarroteros-de-atienda","status":"publish","type":"post","link":"https:\/\/plataformanoticias.mx\/?p=100684","title":{"rendered":"Gobierno de Rocha continua entregando monederos y terminales de cobro con tarjeta a abarroteros de \u201cAtienda\u201d"},"content":{"rendered":"\n<p><em>El secretario de Econom\u00eda, Javier Gaxiola Coppel mencion\u00f3 que adem\u00e1s de estos beneficios, el programa ofrece capacitaciones que implementan grandes cadenas comerciales y tienen como fin que el microempresario refuerce sus capacidades empresariales, de gesti\u00f3n, costos, ahorro, ventas, negociaci\u00f3n con proveedores, atenci\u00f3n a trabajadores, al cliente y estrategias de venta.<\/em><\/p>\n\n\n\n<p>Las micro y peque\u00f1as empresas son las que generan en su mayor parte la econom\u00eda de Sinaloa y de M\u00e9xico, manifest\u00f3 el secretario de Econom\u00eda, Javier Gaxiola Coppel al hacer entrega de 100 monederos y 30 terminales clips a comerciantes abarroteros del programa \u201cAtienda\u201d.<\/p>\n\n\n\n<p>En un evento que reuni\u00f3 a comerciantes de abarrotes de Culiac\u00e1n, el secretario de Econom\u00eda resalt\u00f3 el apoyo del gobernador Rub\u00e9n Rocha Moya hacia este programa con visi\u00f3n social y dijo que estas recompensas son en reconocimiento a su dedicaci\u00f3n y esfuerzo por haber concluido su capacitaci\u00f3n.<\/p>\n\n\n\n<p>En su mensaje, les dijo a las empresarias y empresarios de abarrotes que el programa de capacitaci\u00f3n que reciben tambi\u00e9n lo implementan grandes almacenes y cadenas comerciales y tiene como fin reforzar sus capacidades empresariales, de gesti\u00f3n, costos, ahorros, ventas, negociaci\u00f3n con proveedores, atenci\u00f3n a los trabajadores, al cliente, estrategias para vender, \u201cal final de cuentas es conocimiento que se traducir\u00e1 en m\u00e1s ventas e ingresos econ\u00f3micos para ustedes y sus familias\u201d.<\/p>\n\n\n\n<p>Reconoci\u00f3 a Fundaci\u00f3n Coppel y Casa Ley quienes participan en el programa \u201cAtienda\u201d y que junto al Gobierno de Sinaloa y los beneficiarios avanzan con este tipo de estrategias para sacar adelante al pa\u00eds y a Sinaloa.<\/p>\n\n\n\n<figure class=\"wp-block-image size-large\"><img loading=\"lazy\" decoding=\"async\" width=\"1024\" height=\"682\" src=\"https:\/\/plataformanoticias.mx\/wp-content\/uploads\/2023\/12\/41c91e17-6fa4-40a1-992a-ad46e4d18924-1024x682.jpeg\" alt=\"\" class=\"wp-image-100686\" srcset=\"https:\/\/plataformanoticias.mx\/wp-content\/uploads\/2023\/12\/41c91e17-6fa4-40a1-992a-ad46e4d18924-1024x682.jpeg 1024w, https:\/\/plataformanoticias.mx\/wp-content\/uploads\/2023\/12\/41c91e17-6fa4-40a1-992a-ad46e4d18924-300x200.jpeg 300w, https:\/\/plataformanoticias.mx\/wp-content\/uploads\/2023\/12\/41c91e17-6fa4-40a1-992a-ad46e4d18924-768x511.jpeg 768w, https:\/\/plataformanoticias.mx\/wp-content\/uploads\/2023\/12\/41c91e17-6fa4-40a1-992a-ad46e4d18924.jpeg 1280w\" sizes=\"auto, (max-width: 1024px) 100vw, 1024px\" \/><\/figure>\n\n\n\n<p>En este evento, particip\u00f3 tambi\u00e9n el Coordinador de Desarrollo Econ\u00f3mico de Fundaci\u00f3n Coppel, Daniel Alberto Astorga Espinoza, quien felicit\u00f3 a los comerciantes abarroteros por su capacidad de resiliencia, disciplina, esfuerzo y compromiso al participar en el programa \u201cAtienda\u201d.<\/p>\n\n\n\n<p>El objetivo de la Fundaci\u00f3n Coppel y Coppel Emprende, dijo, es ofrecer al beneficiario la oferta educativa para que mejoren sus habilidades empresariales, lo usen y lo apliquen en sus negocios.<\/p>\n\n\n\n<p>Al participar en esta entrega de beneficios del programa \u201cAtienda\u201d, Mar\u00eda del Rosario Boj\u00f3rquez Ben\u00edtez, comerciante de abarrote dijo que el apoyo en monedero y terminal Clip le ayudar\u00e1 mucho para su negocio.<\/p>\n\n\n\n<p>Con este apoyo, dijo, los clientes me conocer\u00e1n m\u00e1s y nos ayudar\u00e1 a crecer en lo econ\u00f3mico, en los ingresos del negocio.<\/p>\n\n\n\n<p>Estuvieron presentes en esta entrega de apoyos, el subsecretario de Gesti\u00f3n de Fondos y Financiamiento, Omar Gill Santini; el director del programa Atienda, Jos\u00e9 \u00c1ngel L\u00f3pez Fierro y beneficiarios del programa.<\/p>\n","protected":false},"excerpt":{"rendered":"<p>El secretario de Econom\u00eda, Javier Gaxiola Coppel mencion\u00f3 que adem\u00e1s de estos beneficios, el programa ofrece capacitaciones que implementan grandes cadenas comerciales y tienen como fin que el microempresario refuerce sus capacidades empresariales, de gesti\u00f3n, costos, ahorro, ventas, negociaci\u00f3n con proveedores, atenci\u00f3n a trabajadores, al cliente y estrategias de venta. Las micro y peque\u00f1as empresas<\/p>\n","protected":false},"author":6,"featured_media":100689,"comment_status":"closed","ping_status":"closed","sticky":false,"template":"","format":"standard","meta":{"footnotes":""},"categories":[28],"tags":[],"class_list":["post-100684","post","type-post","status-publish","format-standard","has-post-thumbnail","hentry","category-centro"],"_links":{"self":[{"href":"https:\/\/plataformanoticias.mx\/index.php?rest_route=\/wp\/v2\/posts\/100684","targetHints":{"allow":["GET"]}}],"collection":[{"href":"https:\/\/plataformanoticias.mx\/index.php?rest_route=\/wp\/v2\/posts"}],"about":[{"href":"https:\/\/plataformanoticias.mx\/index.php?rest_route=\/wp\/v2\/types\/post"}],"author":[{"embeddable":true,"href":"https:\/\/plataformanoticias.mx\/index.php?rest_route=\/wp\/v2\/users\/6"}],"replies":[{"embeddable":true,"href":"https:\/\/plataformanoticias.mx\/index.php?rest_route=%2Fwp%2Fv2%2Fcomments&post=100684"}],"version-history":[{"count":1,"href":"https:\/\/plataformanoticias.mx\/index.php?rest_route=\/wp\/v2\/posts\/100684\/revisions"}],"predecessor-version":[{"id":100687,"href":"https:\/\/plataformanoticias.mx\/index.php?rest_route=\/wp\/v2\/posts\/100684\/revisions\/100687"}],"wp:featuredmedia":[{"embeddable":true,"href":"https:\/\/plataformanoticias.mx\/index.php?rest_route=\/wp\/v2\/media\/100689"}],"wp:attachment":[{"href":"https:\/\/plataformanoticias.mx\/index.php?rest_route=%2Fwp%2Fv2%2Fmedia&parent=100684"}],"wp:term":[{"taxonomy":"category","embeddable":true,"href":"https:\/\/plataformanoticias.mx\/index.php?rest_route=%2Fwp%2Fv2%2Fcategories&post=100684"},{"taxonomy":"post_tag","embeddable":true,"href":"https:\/\/plataformanoticias.mx\/index.php?rest_route=%2Fwp%2Fv2%2Ftags&post=100684"}],"curies":[{"name":"wp","href":"https:\/\/api.w.org\/{rel}","templated":true}]}}