{"id":100690,"date":"2023-12-02T15:37:19","date_gmt":"2023-12-02T22:37:19","guid":{"rendered":"https:\/\/plataformanoticias.mx\/?p=100690"},"modified":"2023-12-02T15:37:20","modified_gmt":"2023-12-02T22:37:20","slug":"ciudadanos-toman-el-lugar-de-discapacitados-para-vivir-su-experiencia","status":"publish","type":"post","link":"https:\/\/plataformanoticias.mx\/?p=100690","title":{"rendered":"Ciudadanos toman el lugar de discapacitados para vivir su experiencia."},"content":{"rendered":"\n<p><strong><em>El<\/em><\/strong><strong><em>\u00a0evento organizado por el IMDIS, se realiz\u00f3 en la\u00a0<\/em><\/strong><strong><em>C<\/em><\/strong><strong><em>iudad\u00a0<\/em><\/strong><strong><em>D<\/em><\/strong><strong><em>eportiva\u00a0<\/em><\/strong><strong><em>Aurelio Rodr\u00edguez Ituarte,\u00a0<\/em><\/strong><strong><em>donde los participantes se vendaron los ojos y usaron bastones gu\u00eda y sillas de ruedas\u2026<\/em><\/strong><\/p>\n\n\n\n<p>Con el prop\u00f3sito de\u00a0motivar a que personas con visi\u00f3n\u00a0y motricidad\u00a0normal, vivan la experiencia de quienes tienen condici\u00f3n de discapacidad visual\u00a0y de movimiento, el Instituto Municipal para el Desarrollo Integral de las Personas con Discapacidad (IMDIS), realiz\u00f3 el\u00a0\u201cFestival Deportivo Ponte en Mi Lugar\u201d.<\/p>\n\n\n\n<p>Carlos Mart\u00edn Valenzuela Navarro, Director del IMDIS, dijo que esta actividad se enmarca en la Semana con motivo del D\u00eda Internacional de la Discapacidad&nbsp;que se conmemora&nbsp;el 3 de diciembre, que en Ahome se festejar\u00e1&nbsp;con una Marcha, Festival Art\u00edstico y rifa de regalos este domingo en Palacio Municipal.<\/p>\n\n\n\n<p>Los participantes, la mayor\u00eda, funcionarios y trabajadores del Ayuntamiento de Ahome, as\u00ed como ciudadanos voluntarios, realizaron un recorrido por la banqueta del per\u00edmetro de la&nbsp;Ciudad&nbsp;Deportiva Aurelio Rodr\u00edguez Ituarte, con los ojos vendados,&nbsp;y usando bastones gu\u00eda o silla de ruedas.<\/p>\n\n\n\n<p>Despu\u00e9s del recorrido, algunos compartieron susexperiencias, entre ellos Carlos Cota\u00a0Soto, Coordinador de Comunicaci\u00f3n Social de la Presidencia Municipal de Ahome, Marco Galaviz, Director del Instituto Municipal del Deporte (IMDA), Yazm\u00edn Meza de redes sociales y conducci\u00f3n de eventos del Ayuntamiento de Ahome,\u00a0Mary Anguiano\u00a0y Gabriela, entre otros ciudadanos voluntarios.<\/p>\n\n\n\n<figure class=\"wp-block-image size-full\"><img loading=\"lazy\" decoding=\"async\" width=\"1024\" height=\"768\" src=\"https:\/\/plataformanoticias.mx\/wp-content\/uploads\/2023\/12\/b1fb0346-78c2-443a-ab1a-bb5d85da9613.jpeg\" alt=\"\" class=\"wp-image-100692\" srcset=\"https:\/\/plataformanoticias.mx\/wp-content\/uploads\/2023\/12\/b1fb0346-78c2-443a-ab1a-bb5d85da9613.jpeg 1024w, https:\/\/plataformanoticias.mx\/wp-content\/uploads\/2023\/12\/b1fb0346-78c2-443a-ab1a-bb5d85da9613-300x225.jpeg 300w, https:\/\/plataformanoticias.mx\/wp-content\/uploads\/2023\/12\/b1fb0346-78c2-443a-ab1a-bb5d85da9613-768x576.jpeg 768w\" sizes=\"auto, (max-width: 1024px) 100vw, 1024px\" \/><\/figure>\n\n\n\n<p>\u201cAhora entiendo lo qu\u00e9&nbsp;sienten las&nbsp;personas&nbsp;que tienen esta discapacidad, sin&nbsp;ayuda&nbsp;en la calle. Es una experiencia&nbsp;nueva&nbsp;con sentimientos encontrados, con&nbsp;emoci\u00f3n, temor y nerviosismo, porque uno se&nbsp;expone&nbsp;a algo desconocido\u201d.<\/p>\n\n\n\n<p>\u201cLa verdad estoy muy emocionado de haber participado, e invito a quienes no han vivido esta experiencia a que lo hagan, y tambi\u00e9n a que ayuden a las personas con alguna discapacidad en la calle\u201d.<\/p>\n\n\n\n<p>Esas fueron algunas de las expresiones de quienes se vendaron los ojos y usaron bastones o sillas de ruedas para hacer el recorrido.<\/p>\n\n\n\n<p>Al terminar la caminata, personas con discapacidad visual y motriz realizaron una exhibici\u00f3n de basquetbol en silla de ruedas y de&nbsp;gol bol&nbsp;(especie de futbol con las&nbsp;manos&nbsp;por&nbsp;personas invidentes).<\/p>\n\n\n\n<p>Carlos Valenzuela, agradeci\u00f3 a los participantes, e invit\u00f3 a la ciudadan\u00eda y funcionarios a donar regalos para las personas con discapacidad que participar\u00e1n este domingo 3 de diciembre en la marcha, y festival en Palacio Municipal.<\/p>\n\n\n\n<p>Ah\u00ed mismo, la fundaci\u00f3n La Casita Azul, don\u00f3 una silla de ruedas para ni\u00f1o con hidrocefalia y un paquete de pelotas.<\/p>\n","protected":false},"excerpt":{"rendered":"<p>El\u00a0evento organizado por el IMDIS, se realiz\u00f3 en la\u00a0Ciudad\u00a0Deportiva\u00a0Aurelio Rodr\u00edguez Ituarte,\u00a0donde los participantes se vendaron los ojos y usaron bastones gu\u00eda y sillas de ruedas\u2026 Con el prop\u00f3sito de\u00a0motivar a que personas con visi\u00f3n\u00a0y motricidad\u00a0normal, vivan la experiencia de quienes tienen condici\u00f3n de discapacidad visual\u00a0y de movimiento, el Instituto Municipal para el Desarrollo Integral de<\/p>\n","protected":false},"author":6,"featured_media":100693,"comment_status":"closed","ping_status":"closed","sticky":false,"template":"","format":"standard","meta":{"footnotes":""},"categories":[38],"tags":[],"class_list":["post-100690","post","type-post","status-publish","format-standard","has-post-thumbnail","hentry","category-locales"],"_links":{"self":[{"href":"https:\/\/plataformanoticias.mx\/index.php?rest_route=\/wp\/v2\/posts\/100690","targetHints":{"allow":["GET"]}}],"collection":[{"href":"https:\/\/plataformanoticias.mx\/index.php?rest_route=\/wp\/v2\/posts"}],"about":[{"href":"https:\/\/plataformanoticias.mx\/index.php?rest_route=\/wp\/v2\/types\/post"}],"author":[{"embeddable":true,"href":"https:\/\/plataformanoticias.mx\/index.php?rest_route=\/wp\/v2\/users\/6"}],"replies":[{"embeddable":true,"href":"https:\/\/plataformanoticias.mx\/index.php?rest_route=%2Fwp%2Fv2%2Fcomments&post=100690"}],"version-history":[{"count":1,"href":"https:\/\/plataformanoticias.mx\/index.php?rest_route=\/wp\/v2\/posts\/100690\/revisions"}],"predecessor-version":[{"id":100694,"href":"https:\/\/plataformanoticias.mx\/index.php?rest_route=\/wp\/v2\/posts\/100690\/revisions\/100694"}],"wp:featuredmedia":[{"embeddable":true,"href":"https:\/\/plataformanoticias.mx\/index.php?rest_route=\/wp\/v2\/media\/100693"}],"wp:attachment":[{"href":"https:\/\/plataformanoticias.mx\/index.php?rest_route=%2Fwp%2Fv2%2Fmedia&parent=100690"}],"wp:term":[{"taxonomy":"category","embeddable":true,"href":"https:\/\/plataformanoticias.mx\/index.php?rest_route=%2Fwp%2Fv2%2Fcategories&post=100690"},{"taxonomy":"post_tag","embeddable":true,"href":"https:\/\/plataformanoticias.mx\/index.php?rest_route=%2Fwp%2Fv2%2Ftags&post=100690"}],"curies":[{"name":"wp","href":"https:\/\/api.w.org\/{rel}","templated":true}]}}