{"id":100695,"date":"2023-12-02T15:44:26","date_gmt":"2023-12-02T22:44:26","guid":{"rendered":"https:\/\/plataformanoticias.mx\/?p=100695"},"modified":"2023-12-02T15:44:26","modified_gmt":"2023-12-02T22:44:26","slug":"el-espiritu-navideno-llega-a-ahome-con-el-tradicional-encendido-del-arbol","status":"publish","type":"post","link":"https:\/\/plataformanoticias.mx\/?p=100695","title":{"rendered":"El Esp\u00edritu Navide\u00f1o llega a Ahome con el tradicional encendido del \u00c1rbol."},"content":{"rendered":"\n<p><strong><em>El Presidente Gerardo Vargas Landeros encabez\u00f3 dicho acto, el cual se extendi\u00f3 a otras partes de la ciudad de Los Mochis que fueron adornadas e iluminadas con motivo de las fiestas decembrinas\u2026<\/em><\/strong><\/p>\n\n\n\n<p>Acompa\u00f1ado de su peque\u00f1o nieto\u00a0Gerardito, el Presidente Municipal de Ahome encabez\u00f3 el tradicional encendido del \u00c1rbol Navide\u00f1o, con lo que se da inicio a las fiestas decembrinas en Ahome.<\/p>\n\n\n\n<p>Este evento abarc\u00f3 diversos puntos de la ciudad, entre ellos el\u00a0Pino instalado en el cruce del\u00a0Blvd.\u00a0Rosendo G. Castro y Avenida Gabriel Leyva, el Teatro Ingenio, la esquina conformada por los bulevares Centenario y Antonio Rosales, la Plazuela 27 de Septiembre\u00a0y La P\u00e9rgola en\u00a0el Cerro de la Memoria, entre otros.<\/p>\n\n\n\n<figure class=\"wp-block-image size-full\"><img loading=\"lazy\" decoding=\"async\" width=\"1024\" height=\"682\" src=\"https:\/\/plataformanoticias.mx\/wp-content\/uploads\/2023\/12\/5271197c-d7bf-435d-a4c5-e747ecbd0271.jpeg\" alt=\"\" class=\"wp-image-100698\" srcset=\"https:\/\/plataformanoticias.mx\/wp-content\/uploads\/2023\/12\/5271197c-d7bf-435d-a4c5-e747ecbd0271.jpeg 1024w, https:\/\/plataformanoticias.mx\/wp-content\/uploads\/2023\/12\/5271197c-d7bf-435d-a4c5-e747ecbd0271-300x200.jpeg 300w, https:\/\/plataformanoticias.mx\/wp-content\/uploads\/2023\/12\/5271197c-d7bf-435d-a4c5-e747ecbd0271-768x512.jpeg 768w\" sizes=\"auto, (max-width: 1024px) 100vw, 1024px\" \/><\/figure>\n\n\n\n<p>En su mensaje, el Alcalde de Ahome destac\u00f3 que la Navidad es la parte m\u00e1s bonita del a\u00f1o, en la cual el municipio se llena de amor, tranquilidad y paz.<\/p>\n\n\n\n<p>\u201cVer que la gente est\u00e9 motivada con esa sonrisa y sobre todo en familia, para nosotros, las autoridades, es de satisfacci\u00f3n ver esas expresiones, estoy muy contento en este d\u00eda, muy agradecido con Javier Valdez, quien es el responsable de la iluminaci\u00f3n, y por supuesto acompa\u00f1ado tambi\u00e9n por Feliciano&nbsp;(Garc\u00eda Mendoza), el Secretario de Bienestar\u201d, manifest\u00f3 Vargas Landeros.<\/p>\n\n\n\n<p>El Presidente Municipal aprovech\u00f3 para agradecer a la ciudadan\u00eda que se dio cita en dicho evento, as\u00ed como a los funcionarios que lo acompa\u00f1aron, sobre todo quienes acudieron en representaci\u00f3n de su esposa, la Se\u00f1ora M\u00f3nica Torres de Vargas, Presidenta del Sistema DIF\u00a0Ahome.<\/p>\n\n\n\n<figure class=\"wp-block-image size-full\"><img loading=\"lazy\" decoding=\"async\" width=\"1024\" height=\"683\" src=\"https:\/\/plataformanoticias.mx\/wp-content\/uploads\/2023\/12\/b122a204-d8d8-4df4-ab27-2669814a8e3a.jpeg\" alt=\"\" class=\"wp-image-100697\" srcset=\"https:\/\/plataformanoticias.mx\/wp-content\/uploads\/2023\/12\/b122a204-d8d8-4df4-ab27-2669814a8e3a.jpeg 1024w, https:\/\/plataformanoticias.mx\/wp-content\/uploads\/2023\/12\/b122a204-d8d8-4df4-ab27-2669814a8e3a-300x200.jpeg 300w, https:\/\/plataformanoticias.mx\/wp-content\/uploads\/2023\/12\/b122a204-d8d8-4df4-ab27-2669814a8e3a-768x512.jpeg 768w\" sizes=\"auto, (max-width: 1024px) 100vw, 1024px\" \/><\/figure>\n\n\n\n<p>Agreg\u00f3 que el costo total de la inversi\u00f3n de estos trabajos fue de 150 mil pesos, y resalt\u00f3&nbsp;que&nbsp;con creatividad,&nbsp;y muchas ganas,&nbsp;las cosas se pueden hacer, toda vez que Ahome y Los Mochis se merecen estar limpios e iluminados.<\/p>\n\n\n\n<p>Por su parte Feliciano Garc\u00eda Mendoza, Secretario de Bienestar, dijo que,\u00a0con esta iluminaci\u00f3n del municipio, se comienza con los preparativos para la Navidad, donde lo m\u00e1s importante es la familia.<\/p>\n\n\n\n<figure class=\"wp-block-image size-full\"><img loading=\"lazy\" decoding=\"async\" width=\"1024\" height=\"682\" src=\"https:\/\/plataformanoticias.mx\/wp-content\/uploads\/2023\/12\/03a2667f-ab6b-422c-a7c9-2e2d9f0b3b14.jpeg\" alt=\"\" class=\"wp-image-100696\" srcset=\"https:\/\/plataformanoticias.mx\/wp-content\/uploads\/2023\/12\/03a2667f-ab6b-422c-a7c9-2e2d9f0b3b14.jpeg 1024w, https:\/\/plataformanoticias.mx\/wp-content\/uploads\/2023\/12\/03a2667f-ab6b-422c-a7c9-2e2d9f0b3b14-300x200.jpeg 300w, https:\/\/plataformanoticias.mx\/wp-content\/uploads\/2023\/12\/03a2667f-ab6b-422c-a7c9-2e2d9f0b3b14-768x512.jpeg 768w\" sizes=\"auto, (max-width: 1024px) 100vw, 1024px\" \/><\/figure>\n\n\n\n<p>Norberto Javier Valdez&nbsp;Valdez, Director de Servicios P\u00fablicos, detall\u00f3 que,&nbsp;en el caso del tradicional \u00c1rbol Navide\u00f1o, el cual fue instalado en el cruce del&nbsp;Blvd.&nbsp;Rosendo G. Castro y Avenida Gabriel Leyva, mide 27 metros de alto.<\/p>\n\n\n\n<p>Detall\u00f3 que,&nbsp;en este trabajo, el cual se da gracias a las acciones que realizan de manera transversal entre las \u00e1reas del Ayuntamiento de Ahome, tambi\u00e9n se colocaron aproximadamente 3 mil 200 metros de manguera luminosa, y se cuenta con aproximadamente 80 mil luces para embellecer el municipio.<\/p>\n\n\n\n<p>Cabe mencionar que ni\u00f1os y ni\u00f1as que asistieron al encendido del tradicional \u00c1rbol Navide\u00f1o, recibieron dulces, mientras que los adultos pudieron disfrutar de ricos churros azucarados, todo esto de manera gratuita.<\/p>\n","protected":false},"excerpt":{"rendered":"<p>El Presidente Gerardo Vargas Landeros encabez\u00f3 dicho acto, el cual se extendi\u00f3 a otras partes de la ciudad de Los Mochis que fueron adornadas e iluminadas con motivo de las fiestas decembrinas\u2026 Acompa\u00f1ado de su peque\u00f1o nieto\u00a0Gerardito, el Presidente Municipal de Ahome encabez\u00f3 el tradicional encendido del \u00c1rbol Navide\u00f1o, con lo que se da inicio<\/p>\n","protected":false},"author":6,"featured_media":100699,"comment_status":"closed","ping_status":"closed","sticky":false,"template":"","format":"standard","meta":{"footnotes":""},"categories":[38],"tags":[],"class_list":["post-100695","post","type-post","status-publish","format-standard","has-post-thumbnail","hentry","category-locales"],"_links":{"self":[{"href":"https:\/\/plataformanoticias.mx\/index.php?rest_route=\/wp\/v2\/posts\/100695","targetHints":{"allow":["GET"]}}],"collection":[{"href":"https:\/\/plataformanoticias.mx\/index.php?rest_route=\/wp\/v2\/posts"}],"about":[{"href":"https:\/\/plataformanoticias.mx\/index.php?rest_route=\/wp\/v2\/types\/post"}],"author":[{"embeddable":true,"href":"https:\/\/plataformanoticias.mx\/index.php?rest_route=\/wp\/v2\/users\/6"}],"replies":[{"embeddable":true,"href":"https:\/\/plataformanoticias.mx\/index.php?rest_route=%2Fwp%2Fv2%2Fcomments&post=100695"}],"version-history":[{"count":1,"href":"https:\/\/plataformanoticias.mx\/index.php?rest_route=\/wp\/v2\/posts\/100695\/revisions"}],"predecessor-version":[{"id":100700,"href":"https:\/\/plataformanoticias.mx\/index.php?rest_route=\/wp\/v2\/posts\/100695\/revisions\/100700"}],"wp:featuredmedia":[{"embeddable":true,"href":"https:\/\/plataformanoticias.mx\/index.php?rest_route=\/wp\/v2\/media\/100699"}],"wp:attachment":[{"href":"https:\/\/plataformanoticias.mx\/index.php?rest_route=%2Fwp%2Fv2%2Fmedia&parent=100695"}],"wp:term":[{"taxonomy":"category","embeddable":true,"href":"https:\/\/plataformanoticias.mx\/index.php?rest_route=%2Fwp%2Fv2%2Fcategories&post=100695"},{"taxonomy":"post_tag","embeddable":true,"href":"https:\/\/plataformanoticias.mx\/index.php?rest_route=%2Fwp%2Fv2%2Ftags&post=100695"}],"curies":[{"name":"wp","href":"https:\/\/api.w.org\/{rel}","templated":true}]}}