{"id":100713,"date":"2023-12-04T09:24:18","date_gmt":"2023-12-04T16:24:18","guid":{"rendered":"https:\/\/plataformanoticias.mx\/?p=100713"},"modified":"2023-12-04T09:44:19","modified_gmt":"2023-12-04T16:44:19","slug":"angelina-valenzuela-va-por-la-candidatura-de-ahome-por-morena","status":"publish","type":"post","link":"https:\/\/plataformanoticias.mx\/?p=100713","title":{"rendered":"Angelina Valenzuela va por la candidatura de Ahome por Morena"},"content":{"rendered":"\n<figure class=\"wp-block-image size-large\"><img loading=\"lazy\" decoding=\"async\" width=\"768\" height=\"1024\" src=\"https:\/\/plataformanoticias.mx\/wp-content\/uploads\/2023\/12\/IMG_1483-768x1024.jpeg\" alt=\"\" class=\"wp-image-100715\" srcset=\"https:\/\/plataformanoticias.mx\/wp-content\/uploads\/2023\/12\/IMG_1483-768x1024.jpeg 768w, https:\/\/plataformanoticias.mx\/wp-content\/uploads\/2023\/12\/IMG_1483-225x300.jpeg 225w, https:\/\/plataformanoticias.mx\/wp-content\/uploads\/2023\/12\/IMG_1483-1152x1536.jpeg 1152w, https:\/\/plataformanoticias.mx\/wp-content\/uploads\/2023\/12\/IMG_1483-1536x2048.jpeg 1536w, https:\/\/plataformanoticias.mx\/wp-content\/uploads\/2023\/12\/IMG_1483-scaled.jpeg 1920w\" sizes=\"auto, (max-width: 768px) 100vw, 768px\" \/><\/figure>\n\n\n\n<p>Los Mochis, Sinaloa.- A los primeros minutos de este lunes 4 de diciembre se activ\u00f3 la plataforma para el registro de candidaturas locales a las alcald\u00edas, diputaciones locales, s\u00edndicos procurador y regidores por Movimiento de Regeneraci\u00f3n Nacional.<\/p>\n\n\n\n<p>Angelina Valenzuela Benitez, regidora del municipio de Ahome present\u00f3 su pre registro por la Presidencia Municipal 2024, por el Partido de Morena, se\u00f1al\u00f3 que es tiempo de las mujeres.\u00a0<\/p>\n\n\n\n<p>\u201cEran las 12 con 3 minutos y yo ya estaba en cuanto se abri\u00f3 el sistema, estuve acompa\u00f1ada de mi familia porque esto es luchar, cuando hablamos de paridad es en lo real, estamos tratando de no pelear el espacio sino de buscar el espacio que las mujeres nos merecemos en la pol\u00edtica&#8221; puntualiz\u00f3.<\/p>\n\n\n\n<p>En ese sentido, record\u00f3 que en la sesion\u00f3 el Instituto Electoral del Estado de Sinaloa de este 30 de noviembre acord\u00f3 por bloque de competitividad todos los municipios de Sinaloa en donde Mazatl\u00e1n , Culiac\u00e1n, Guasave y Ahome les pide a los partidos que sean dos mujeres y dos hombres.<\/p>\n\n\n\n<p>&#8220;Creemos que tenemos la capacidad y ustedes me ven, no m\u00e1s que los hombres, a la par, tenemos las mismas oportunidades y tanto es as\u00ed que aqu\u00ed me ven, estamos haciendo un equipo plural pero no nada m\u00e1s simuladamente. Hoy puedo decirlo con todas las letras, hoy si se va a cumplir que una mujer est\u00e9 en dos de los municipios m\u00e1s grandes del estado&#8221;, se\u00f1al\u00f3.<\/p>\n\n\n\n<p>Cuestionada sobre el registro del alcalde Gerardo Vargas Landeros que se dar\u00e1 el martes 5, se limit\u00f3 a decir que tiene todo su respeto.<\/p>\n\n\n\n<p>&#8220;Esto es una competencia, pero sana, la verdad mi respeto para el alcalde, las aspiraciones son leg\u00edtimas y que bueno que se anote, yo no estoy en contra, cada quien tiene sus aspiraciones y no es de hace poquito, yo se lo coment\u00e9 a \u00e9l, le dije que hab\u00eda una aspiraci\u00f3n y el tema no era chocar pero que la paridad y el poder que sea mujer hay que aprovecharlo, nada en contra ni confrontaci\u00f3n, yo no tengo nada que ver ning\u00fan problema hacia \u00e9l, resalt\u00f3.<\/p>\n\n\n\n<p>Valenzuela Ben\u00edtez record\u00f3 que a\u00fan cuando la pasada elecci\u00f3n particip\u00f3 como candidata del Partido Fuerza Por M\u00e9xico, resalt\u00f3 ser de las fundadoras de Morena en el municipio.&nbsp;<\/p>\n","protected":false},"excerpt":{"rendered":"<p>Los Mochis, Sinaloa.- A los primeros minutos de este lunes 4 de diciembre se activ\u00f3 la plataforma para el registro de candidaturas locales a las alcald\u00edas, diputaciones locales, s\u00edndicos procurador y regidores por Movimiento de Regeneraci\u00f3n Nacional. Angelina Valenzuela Benitez, regidora del municipio de Ahome present\u00f3 su pre registro por la Presidencia Municipal 2024, por<\/p>\n","protected":false},"author":6,"featured_media":100716,"comment_status":"closed","ping_status":"closed","sticky":false,"template":"","format":"standard","meta":{"footnotes":""},"categories":[31],"tags":[],"class_list":["post-100713","post","type-post","status-publish","format-standard","has-post-thumbnail","hentry","category-politica"],"_links":{"self":[{"href":"https:\/\/plataformanoticias.mx\/index.php?rest_route=\/wp\/v2\/posts\/100713","targetHints":{"allow":["GET"]}}],"collection":[{"href":"https:\/\/plataformanoticias.mx\/index.php?rest_route=\/wp\/v2\/posts"}],"about":[{"href":"https:\/\/plataformanoticias.mx\/index.php?rest_route=\/wp\/v2\/types\/post"}],"author":[{"embeddable":true,"href":"https:\/\/plataformanoticias.mx\/index.php?rest_route=\/wp\/v2\/users\/6"}],"replies":[{"embeddable":true,"href":"https:\/\/plataformanoticias.mx\/index.php?rest_route=%2Fwp%2Fv2%2Fcomments&post=100713"}],"version-history":[{"count":2,"href":"https:\/\/plataformanoticias.mx\/index.php?rest_route=\/wp\/v2\/posts\/100713\/revisions"}],"predecessor-version":[{"id":100722,"href":"https:\/\/plataformanoticias.mx\/index.php?rest_route=\/wp\/v2\/posts\/100713\/revisions\/100722"}],"wp:featuredmedia":[{"embeddable":true,"href":"https:\/\/plataformanoticias.mx\/index.php?rest_route=\/wp\/v2\/media\/100716"}],"wp:attachment":[{"href":"https:\/\/plataformanoticias.mx\/index.php?rest_route=%2Fwp%2Fv2%2Fmedia&parent=100713"}],"wp:term":[{"taxonomy":"category","embeddable":true,"href":"https:\/\/plataformanoticias.mx\/index.php?rest_route=%2Fwp%2Fv2%2Fcategories&post=100713"},{"taxonomy":"post_tag","embeddable":true,"href":"https:\/\/plataformanoticias.mx\/index.php?rest_route=%2Fwp%2Fv2%2Ftags&post=100713"}],"curies":[{"name":"wp","href":"https:\/\/api.w.org\/{rel}","templated":true}]}}