{"id":100728,"date":"2023-12-04T09:53:29","date_gmt":"2023-12-04T16:53:29","guid":{"rendered":"https:\/\/plataformanoticias.mx\/?p=100728"},"modified":"2023-12-04T09:53:29","modified_gmt":"2023-12-04T16:53:29","slug":"puedes-registrarse-para-el-apoyo-de-adultos-mayores-si-ya-cumpliste-65-anos","status":"publish","type":"post","link":"https:\/\/plataformanoticias.mx\/?p=100728","title":{"rendered":"Puedes registrarse para el apoyo de adultos mayores si ya cumpliste 65 a\u00f1os"},"content":{"rendered":"\n<figure class=\"wp-block-image size-full\"><img loading=\"lazy\" decoding=\"async\" width=\"768\" height=\"960\" src=\"https:\/\/plataformanoticias.mx\/wp-content\/uploads\/2023\/12\/ae9c7f53-221a-4fc9-a2b7-6b1a47083f3b.jpeg\" alt=\"\" class=\"wp-image-100730\" srcset=\"https:\/\/plataformanoticias.mx\/wp-content\/uploads\/2023\/12\/ae9c7f53-221a-4fc9-a2b7-6b1a47083f3b.jpeg 768w, https:\/\/plataformanoticias.mx\/wp-content\/uploads\/2023\/12\/ae9c7f53-221a-4fc9-a2b7-6b1a47083f3b-240x300.jpeg 240w\" sizes=\"auto, (max-width: 768px) 100vw, 768px\" \/><\/figure>\n\n\n\n<p>La Secretar\u00eda de Bienestar Federal abri\u00f3 la \u00faltima etapa de registro para el programa de Pensi\u00f3n para el Bienestar de Personas Adultas Mayores.<br>De acuerdo al calendario, est\u00e1 etapa para aquellos que ya cumplieron 65 a\u00f1os de edad despu\u00e9s del 1 de noviembre pero adem\u00e1s, aquellos que los cumplir\u00e1n antes d 30 de junio del 2024 o bien, aquellos que fueron antes dea fecha antes marcada y que por alguna raz\u00f3n no hab\u00edan ingresado sus documentos.<br>El periodo para el registro estar\u00e1 abierta a partir de este lunes 4 al 23 de diciembre.<br>Si tienes duda sobre el m\u00f3dulo en donde puedes ingresar la documentaci\u00f3n puedes ubicarlo ingresando a gob.mx\/bienestar.<\/p>\n\n\n\n<p>Requisitos:<br>Los requisitos para registrarse a la Pensi\u00f3n del Adulto Mayor son los siguientes en copia:<\/p>\n\n\n\n<p>\u2022 Identificaci\u00f3n oficial vigente<br>\u2022 Acta de nacimiento<br>\u2022 CURP<br>\u2022 Comprobante de domicilio (no mayor a seis meses)<br>\u2022 Tel\u00e9fono de contacto celular<\/p>\n","protected":false},"excerpt":{"rendered":"<p>La Secretar\u00eda de Bienestar Federal abri\u00f3 la \u00faltima etapa de registro para el programa de Pensi\u00f3n para el Bienestar de Personas Adultas Mayores.De acuerdo al calendario, est\u00e1 etapa para aquellos que ya cumplieron 65 a\u00f1os de edad despu\u00e9s del 1 de noviembre pero adem\u00e1s, aquellos que los cumplir\u00e1n antes d 30 de junio del 2024<\/p>\n","protected":false},"author":6,"featured_media":100731,"comment_status":"closed","ping_status":"closed","sticky":false,"template":"","format":"standard","meta":{"footnotes":""},"categories":[38],"tags":[],"class_list":["post-100728","post","type-post","status-publish","format-standard","has-post-thumbnail","hentry","category-locales"],"_links":{"self":[{"href":"https:\/\/plataformanoticias.mx\/index.php?rest_route=\/wp\/v2\/posts\/100728","targetHints":{"allow":["GET"]}}],"collection":[{"href":"https:\/\/plataformanoticias.mx\/index.php?rest_route=\/wp\/v2\/posts"}],"about":[{"href":"https:\/\/plataformanoticias.mx\/index.php?rest_route=\/wp\/v2\/types\/post"}],"author":[{"embeddable":true,"href":"https:\/\/plataformanoticias.mx\/index.php?rest_route=\/wp\/v2\/users\/6"}],"replies":[{"embeddable":true,"href":"https:\/\/plataformanoticias.mx\/index.php?rest_route=%2Fwp%2Fv2%2Fcomments&post=100728"}],"version-history":[{"count":1,"href":"https:\/\/plataformanoticias.mx\/index.php?rest_route=\/wp\/v2\/posts\/100728\/revisions"}],"predecessor-version":[{"id":100732,"href":"https:\/\/plataformanoticias.mx\/index.php?rest_route=\/wp\/v2\/posts\/100728\/revisions\/100732"}],"wp:featuredmedia":[{"embeddable":true,"href":"https:\/\/plataformanoticias.mx\/index.php?rest_route=\/wp\/v2\/media\/100731"}],"wp:attachment":[{"href":"https:\/\/plataformanoticias.mx\/index.php?rest_route=%2Fwp%2Fv2%2Fmedia&parent=100728"}],"wp:term":[{"taxonomy":"category","embeddable":true,"href":"https:\/\/plataformanoticias.mx\/index.php?rest_route=%2Fwp%2Fv2%2Fcategories&post=100728"},{"taxonomy":"post_tag","embeddable":true,"href":"https:\/\/plataformanoticias.mx\/index.php?rest_route=%2Fwp%2Fv2%2Ftags&post=100728"}],"curies":[{"name":"wp","href":"https:\/\/api.w.org\/{rel}","templated":true}]}}