{"id":100733,"date":"2023-12-04T09:55:41","date_gmt":"2023-12-04T16:55:41","guid":{"rendered":"https:\/\/plataformanoticias.mx\/?p=100733"},"modified":"2023-12-04T09:55:42","modified_gmt":"2023-12-04T16:55:42","slug":"este-ano-tampoco-se-instalara-el-tianguis-del-cohete","status":"publish","type":"post","link":"https:\/\/plataformanoticias.mx\/?p=100733","title":{"rendered":"Este a\u00f1o tampoco se instalar\u00e1 el Tianguis del Cohete"},"content":{"rendered":"\n<p><\/p>\n\n\n\n<p>La Feria del Cohete por tercer a\u00f1o consecutivo no se instalar\u00e1 en la ciudad de Los Mochis, debido a que est\u00e1 prohibida la venta de art\u00edculos explosivos con p\u00f3lvora.<br>&#8220;En ninguna parte est\u00e1 permitido vender cohetes, en ninguna parte de la ciudad se va a instalar ya el Tianguis del Cohete. Esta estrictamente prohibida la venta de pirotecnia&#8221;, inform\u00f3 Enrique L\u00f3pez Miranda, director de Inspecci\u00f3n y Normatividad de Ahome.<br>El 2020 fue el \u00faltimo a\u00f1o que se instal\u00f3 el Tianguis del Cohete en los terrenos del Ingenio Azucarero, y la Sedena solo permiti\u00f3 que se abriera el 30 y 31 de diciembre de ese a\u00f1o, cuando en a\u00f1os anteriores duraba alrededor de 2 semanas.<br>Sin embargo, la actual administraci\u00f3n municipal prohibi\u00f3 la venta de pirotecnia ante el eminente peligro que esta representa, sobre todo, para los ni\u00f1os, por ello, a manera de prevenir accidentes, una vez m\u00e1s no se permitir\u00e1 la venta de estos artefactos de p\u00f3lvora.<br>El d\u00eda de ayer Protecci\u00f3n Civil incaut\u00f3 6 kilos de fuegos pirot\u00e9cnicos en el tianguis dominical de esta ciudad.<br>En la inmovilizaci\u00f3n de la mercanc\u00eda peligrosa, no se arrest\u00f3 a ninguna persona ni se levant\u00f3 acta, excepto la amonestaci\u00f3n a la tianguista y la aclaraci\u00f3n de que le venta de pirotecnia estaba prohibida.<br>El caso ocurri\u00f3 en un puesto callejero que se localiz\u00f3 en Ignacio Zaragoza y Cuauht\u00e9moc, en la colonia Centro.<\/p>\n","protected":false},"excerpt":{"rendered":"<p>La Feria del Cohete por tercer a\u00f1o consecutivo no se instalar\u00e1 en la ciudad de Los Mochis, debido a que est\u00e1 prohibida la venta de art\u00edculos explosivos con p\u00f3lvora.&#8220;En ninguna parte est\u00e1 permitido vender cohetes, en ninguna parte de la ciudad se va a instalar ya el Tianguis del Cohete. Esta estrictamente prohibida la venta<\/p>\n","protected":false},"author":6,"featured_media":100735,"comment_status":"closed","ping_status":"closed","sticky":false,"template":"","format":"standard","meta":{"footnotes":""},"categories":[38],"tags":[],"class_list":["post-100733","post","type-post","status-publish","format-standard","has-post-thumbnail","hentry","category-locales"],"_links":{"self":[{"href":"https:\/\/plataformanoticias.mx\/index.php?rest_route=\/wp\/v2\/posts\/100733","targetHints":{"allow":["GET"]}}],"collection":[{"href":"https:\/\/plataformanoticias.mx\/index.php?rest_route=\/wp\/v2\/posts"}],"about":[{"href":"https:\/\/plataformanoticias.mx\/index.php?rest_route=\/wp\/v2\/types\/post"}],"author":[{"embeddable":true,"href":"https:\/\/plataformanoticias.mx\/index.php?rest_route=\/wp\/v2\/users\/6"}],"replies":[{"embeddable":true,"href":"https:\/\/plataformanoticias.mx\/index.php?rest_route=%2Fwp%2Fv2%2Fcomments&post=100733"}],"version-history":[{"count":1,"href":"https:\/\/plataformanoticias.mx\/index.php?rest_route=\/wp\/v2\/posts\/100733\/revisions"}],"predecessor-version":[{"id":100736,"href":"https:\/\/plataformanoticias.mx\/index.php?rest_route=\/wp\/v2\/posts\/100733\/revisions\/100736"}],"wp:featuredmedia":[{"embeddable":true,"href":"https:\/\/plataformanoticias.mx\/index.php?rest_route=\/wp\/v2\/media\/100735"}],"wp:attachment":[{"href":"https:\/\/plataformanoticias.mx\/index.php?rest_route=%2Fwp%2Fv2%2Fmedia&parent=100733"}],"wp:term":[{"taxonomy":"category","embeddable":true,"href":"https:\/\/plataformanoticias.mx\/index.php?rest_route=%2Fwp%2Fv2%2Fcategories&post=100733"},{"taxonomy":"post_tag","embeddable":true,"href":"https:\/\/plataformanoticias.mx\/index.php?rest_route=%2Fwp%2Fv2%2Ftags&post=100733"}],"curies":[{"name":"wp","href":"https:\/\/api.w.org\/{rel}","templated":true}]}}