{"id":100741,"date":"2023-12-04T10:43:04","date_gmt":"2023-12-04T17:43:04","guid":{"rendered":"https:\/\/plataformanoticias.mx\/?p=100741"},"modified":"2023-12-04T10:43:44","modified_gmt":"2023-12-04T17:43:44","slug":"se-apunta-vicente-picos-por-morena-por-el-fuerte","status":"publish","type":"post","link":"https:\/\/plataformanoticias.mx\/?p=100741","title":{"rendered":"Se apunta Vicente Picos por Morena por El Fuerte"},"content":{"rendered":"\n\n\n<p><strong>Los Mochis, Sinaloa<\/strong>.- Vicente Picos formaliz\u00f3 este lunes su registro como aspirante a la candidatura de Movimiento Regeneraci\u00f3n Nacional a la Presidencia Municipal de El Fuerte.<\/p>\n\n\n\n<p><br>El empresario ganadero ya fue candidato en el 2021, pero por el Partido Verde Ecologista de M\u00e9xico.<\/p>\n\n\n\n<p><br>Ahora, dijo, su intenci\u00f3n es convertirse en el coordinador de los Comit\u00e9s de Defensa de la Cuarta Transformaci\u00f3n.<\/p>\n\n\n\n<p><br>Dijo confiar en que resultar\u00e1 ganador en la encuesta interna de Morena y con ello aparecer de nuevo en las boletas electorales en el 2024.<\/p>\n","protected":false},"excerpt":{"rendered":"<p>Los Mochis, Sinaloa.- Vicente Picos formaliz\u00f3 este lunes su registro como aspirante a la candidatura de Movimiento Regeneraci\u00f3n Nacional a la Presidencia Municipal de El Fuerte. El empresario ganadero ya fue candidato en el 2021, pero por el Partido Verde Ecologista de M\u00e9xico. Ahora, dijo, su intenci\u00f3n es convertirse en el coordinador de los Comit\u00e9s<\/p>\n","protected":false},"author":6,"featured_media":100743,"comment_status":"closed","ping_status":"closed","sticky":false,"template":"","format":"standard","meta":{"footnotes":""},"categories":[31],"tags":[],"class_list":["post-100741","post","type-post","status-publish","format-standard","has-post-thumbnail","hentry","category-politica"],"_links":{"self":[{"href":"https:\/\/plataformanoticias.mx\/index.php?rest_route=\/wp\/v2\/posts\/100741","targetHints":{"allow":["GET"]}}],"collection":[{"href":"https:\/\/plataformanoticias.mx\/index.php?rest_route=\/wp\/v2\/posts"}],"about":[{"href":"https:\/\/plataformanoticias.mx\/index.php?rest_route=\/wp\/v2\/types\/post"}],"author":[{"embeddable":true,"href":"https:\/\/plataformanoticias.mx\/index.php?rest_route=\/wp\/v2\/users\/6"}],"replies":[{"embeddable":true,"href":"https:\/\/plataformanoticias.mx\/index.php?rest_route=%2Fwp%2Fv2%2Fcomments&post=100741"}],"version-history":[{"count":2,"href":"https:\/\/plataformanoticias.mx\/index.php?rest_route=\/wp\/v2\/posts\/100741\/revisions"}],"predecessor-version":[{"id":100745,"href":"https:\/\/plataformanoticias.mx\/index.php?rest_route=\/wp\/v2\/posts\/100741\/revisions\/100745"}],"wp:featuredmedia":[{"embeddable":true,"href":"https:\/\/plataformanoticias.mx\/index.php?rest_route=\/wp\/v2\/media\/100743"}],"wp:attachment":[{"href":"https:\/\/plataformanoticias.mx\/index.php?rest_route=%2Fwp%2Fv2%2Fmedia&parent=100741"}],"wp:term":[{"taxonomy":"category","embeddable":true,"href":"https:\/\/plataformanoticias.mx\/index.php?rest_route=%2Fwp%2Fv2%2Fcategories&post=100741"},{"taxonomy":"post_tag","embeddable":true,"href":"https:\/\/plataformanoticias.mx\/index.php?rest_route=%2Fwp%2Fv2%2Ftags&post=100741"}],"curies":[{"name":"wp","href":"https:\/\/api.w.org\/{rel}","templated":true}]}}