{"id":100750,"date":"2023-12-04T11:43:14","date_gmt":"2023-12-04T18:43:14","guid":{"rendered":"https:\/\/plataformanoticias.mx\/?p=100750"},"modified":"2023-12-04T11:43:15","modified_gmt":"2023-12-04T18:43:15","slug":"es-reprogramado-la-audiencia-contra-robespierre-lizarraga-y-jesus-maduena-molina","status":"publish","type":"post","link":"https:\/\/plataformanoticias.mx\/?p=100750","title":{"rendered":"Es reprogramado la audiencia contra Robespierre Lizarraga y Jes\u00fas Madue\u00f1a Molina"},"content":{"rendered":"\n<p><\/p>\n\n\n\n<p>Tras la inasistencia de la defensa de Jes\u00fas Madue\u00f1a Molina, rector con licencia de la Universidad Aut\u00f3noma de Sinaloa (UAS) y el encargado del despacho de rector\u00eda, Robespierre Lizarraga Otero, se reprogram\u00f3 la audiencia a realizarse este lunes.<br>Por la causa penal de abuso de autoridad cometido en contra del servicio p\u00fablico, el juez de control Carlos Alberto Herrera solicit\u00f3 que sea el pr\u00f3ximo 11 de diciembre a las 13:00 horas que se efect\u00fae el seguimiento al caso en la sala A de la Sede de Justicia Penal Acusatoria y Oral Centro, ubicada en el municipio de Culiac\u00e1n.<br>De acuerdo a Robespierre Lizarraga, su defensora, Guadalupe Avenda\u00f1o Ruiz, se encuentra incapacitada desde el pasado 28 de noviembre debido a un accidente automovil\u00edstico, adem\u00e1s la defensa de Jes\u00fas Madue\u00f1a Molina sali\u00f3 del estado para atender el proceso judicial que se est\u00e1 efectuando en los juzgados federales, por lo que se presentaron sin abogados a la audiencia que estaba programada a las 10:00 de la ma\u00f1ana.<br>Lizarraga Otero pidi\u00f3 al juez de control programar el encuentro a partir del 12 de diciembre, sin embargo, este se neg\u00f3, pese a que la incapacidad de la abogada es por 15 d\u00edas y a\u00fan no culminar\u00eda para la pr\u00f3xima audiencia, esto al justificar los plazos que requiere cumplir la Fiscal\u00eda General del Estado.<\/p>\n","protected":false},"excerpt":{"rendered":"<p>Tras la inasistencia de la defensa de Jes\u00fas Madue\u00f1a Molina, rector con licencia de la Universidad Aut\u00f3noma de Sinaloa (UAS) y el encargado del despacho de rector\u00eda, Robespierre Lizarraga Otero, se reprogram\u00f3 la audiencia a realizarse este lunes.Por la causa penal de abuso de autoridad cometido en contra del servicio p\u00fablico, el juez de control<\/p>\n","protected":false},"author":6,"featured_media":100752,"comment_status":"closed","ping_status":"closed","sticky":false,"template":"","format":"standard","meta":{"footnotes":""},"categories":[28],"tags":[],"class_list":["post-100750","post","type-post","status-publish","format-standard","has-post-thumbnail","hentry","category-centro"],"_links":{"self":[{"href":"https:\/\/plataformanoticias.mx\/index.php?rest_route=\/wp\/v2\/posts\/100750","targetHints":{"allow":["GET"]}}],"collection":[{"href":"https:\/\/plataformanoticias.mx\/index.php?rest_route=\/wp\/v2\/posts"}],"about":[{"href":"https:\/\/plataformanoticias.mx\/index.php?rest_route=\/wp\/v2\/types\/post"}],"author":[{"embeddable":true,"href":"https:\/\/plataformanoticias.mx\/index.php?rest_route=\/wp\/v2\/users\/6"}],"replies":[{"embeddable":true,"href":"https:\/\/plataformanoticias.mx\/index.php?rest_route=%2Fwp%2Fv2%2Fcomments&post=100750"}],"version-history":[{"count":1,"href":"https:\/\/plataformanoticias.mx\/index.php?rest_route=\/wp\/v2\/posts\/100750\/revisions"}],"predecessor-version":[{"id":100753,"href":"https:\/\/plataformanoticias.mx\/index.php?rest_route=\/wp\/v2\/posts\/100750\/revisions\/100753"}],"wp:featuredmedia":[{"embeddable":true,"href":"https:\/\/plataformanoticias.mx\/index.php?rest_route=\/wp\/v2\/media\/100752"}],"wp:attachment":[{"href":"https:\/\/plataformanoticias.mx\/index.php?rest_route=%2Fwp%2Fv2%2Fmedia&parent=100750"}],"wp:term":[{"taxonomy":"category","embeddable":true,"href":"https:\/\/plataformanoticias.mx\/index.php?rest_route=%2Fwp%2Fv2%2Fcategories&post=100750"},{"taxonomy":"post_tag","embeddable":true,"href":"https:\/\/plataformanoticias.mx\/index.php?rest_route=%2Fwp%2Fv2%2Ftags&post=100750"}],"curies":[{"name":"wp","href":"https:\/\/api.w.org\/{rel}","templated":true}]}}