{"id":100757,"date":"2023-12-04T14:44:36","date_gmt":"2023-12-04T21:44:36","guid":{"rendered":"https:\/\/plataformanoticias.mx\/?p=100757"},"modified":"2023-12-04T14:44:37","modified_gmt":"2023-12-04T21:44:37","slug":"se-registran-fernando-duran-y-enrique-covarrubias-para-la-alcaldia-de-guasave-por-morena","status":"publish","type":"post","link":"https:\/\/plataformanoticias.mx\/?p=100757","title":{"rendered":"Se registran Fernando Dur\u00e1n y Enrique Covarrubias para la alcald\u00eda de Guasave por Morena"},"content":{"rendered":"\n<figure class=\"wp-block-image size-full\"><img loading=\"lazy\" decoding=\"async\" width=\"502\" height=\"420\" src=\"https:\/\/plataformanoticias.mx\/wp-content\/uploads\/2023\/12\/cde2272f-d6fa-4b70-aa91-3dddc18c819f.jpeg\" alt=\"\" class=\"wp-image-100759\" srcset=\"https:\/\/plataformanoticias.mx\/wp-content\/uploads\/2023\/12\/cde2272f-d6fa-4b70-aa91-3dddc18c819f.jpeg 502w, https:\/\/plataformanoticias.mx\/wp-content\/uploads\/2023\/12\/cde2272f-d6fa-4b70-aa91-3dddc18c819f-300x251.jpeg 300w, https:\/\/plataformanoticias.mx\/wp-content\/uploads\/2023\/12\/cde2272f-d6fa-4b70-aa91-3dddc18c819f-376x316.jpeg 376w\" sizes=\"auto, (max-width: 502px) 100vw, 502px\" \/><\/figure>\n\n\n\n<p>Fernando Dur\u00e1n Sep\u00falveda y Enrique Covarrubias Hern\u00e1ndez, se registraron como aspirantes a la candidatura de Morena por Guasave.<\/p>\n\n\n\n<p>Al abrirse este d\u00eda la plataforma para realizar los tr\u00e1mites del Movimiento de Regeneraci\u00f3n Nacional, ambos pol\u00edticos guasavenses cumplieron con el anuncio que ya hab\u00edan hecho antes, de participar en este proceso interno del partido.<\/p>\n\n\n\n<p>Fernando Dur\u00e1n al ser cuestionado sobre su amistad con el gobernador Rub\u00e9n Rocha Moya y si eso incidi\u00f3 en que decidiera alzar la mano para la alcald\u00eda, dej\u00f3 claro que no tiene nada que ver, que son amigos desde hace 60 a\u00f1os, y su inter\u00e9s por participar es genuino y porque se ha preparado en su carrera pol\u00edtica para este momento.<\/p>\n\n\n\n<p>Mientras tanto el doctor Covarrubias, expres\u00f3 su deseo de desempe\u00f1arse en este cargo, porque ha sido testigo del crecimiento lento que ha tenido el municipio y considera tener la capacidad para hacerle frente a las necesidades.<\/p>\n\n\n\n<p>con informaci\u00f3n de Hayde Verduzco <\/p>\n","protected":false},"excerpt":{"rendered":"<p>Fernando Dur\u00e1n Sep\u00falveda y Enrique Covarrubias Hern\u00e1ndez, se registraron como aspirantes a la candidatura de Morena por Guasave. Al abrirse este d\u00eda la plataforma para realizar los tr\u00e1mites del Movimiento de Regeneraci\u00f3n Nacional, ambos pol\u00edticos guasavenses cumplieron con el anuncio que ya hab\u00edan hecho antes, de participar en este proceso interno del partido. Fernando Dur\u00e1n<\/p>\n","protected":false},"author":6,"featured_media":100760,"comment_status":"closed","ping_status":"closed","sticky":false,"template":"","format":"standard","meta":{"footnotes":""},"categories":[31],"tags":[],"class_list":["post-100757","post","type-post","status-publish","format-standard","has-post-thumbnail","hentry","category-politica"],"_links":{"self":[{"href":"https:\/\/plataformanoticias.mx\/index.php?rest_route=\/wp\/v2\/posts\/100757","targetHints":{"allow":["GET"]}}],"collection":[{"href":"https:\/\/plataformanoticias.mx\/index.php?rest_route=\/wp\/v2\/posts"}],"about":[{"href":"https:\/\/plataformanoticias.mx\/index.php?rest_route=\/wp\/v2\/types\/post"}],"author":[{"embeddable":true,"href":"https:\/\/plataformanoticias.mx\/index.php?rest_route=\/wp\/v2\/users\/6"}],"replies":[{"embeddable":true,"href":"https:\/\/plataformanoticias.mx\/index.php?rest_route=%2Fwp%2Fv2%2Fcomments&post=100757"}],"version-history":[{"count":1,"href":"https:\/\/plataformanoticias.mx\/index.php?rest_route=\/wp\/v2\/posts\/100757\/revisions"}],"predecessor-version":[{"id":100761,"href":"https:\/\/plataformanoticias.mx\/index.php?rest_route=\/wp\/v2\/posts\/100757\/revisions\/100761"}],"wp:featuredmedia":[{"embeddable":true,"href":"https:\/\/plataformanoticias.mx\/index.php?rest_route=\/wp\/v2\/media\/100760"}],"wp:attachment":[{"href":"https:\/\/plataformanoticias.mx\/index.php?rest_route=%2Fwp%2Fv2%2Fmedia&parent=100757"}],"wp:term":[{"taxonomy":"category","embeddable":true,"href":"https:\/\/plataformanoticias.mx\/index.php?rest_route=%2Fwp%2Fv2%2Fcategories&post=100757"},{"taxonomy":"post_tag","embeddable":true,"href":"https:\/\/plataformanoticias.mx\/index.php?rest_route=%2Fwp%2Fv2%2Ftags&post=100757"}],"curies":[{"name":"wp","href":"https:\/\/api.w.org\/{rel}","templated":true}]}}