{"id":100764,"date":"2023-12-04T15:03:10","date_gmt":"2023-12-04T22:03:10","guid":{"rendered":"https:\/\/plataformanoticias.mx\/?p=100764"},"modified":"2023-12-04T15:03:11","modified_gmt":"2023-12-04T22:03:11","slug":"entrega-congreso-al-dif-sinaloa-aportacion-para-personas-damnificadas-de-norma-y-de-otis","status":"publish","type":"post","link":"https:\/\/plataformanoticias.mx\/?p=100764","title":{"rendered":"Entrega Congreso al DIF Sinaloa aportaci\u00f3n para personas damnificadas de Norma y de Otis"},"content":{"rendered":"\n<p><\/p>\n\n\n\n<p>El Congreso del Estado entreg\u00f3 este lunes a la presidenta del Sistema DIF Sinaloa, Eneyda Rocha Ruiz, las aportaciones que realizaron diputadas y diputados, as\u00ed como personal administrativo y de todas las \u00e1reas del poder Legislativo para apoyar a personas damnificadas en Sinaloa por la tormenta tropical Norma, y de Acapulco, por el hurac\u00e1n Otis.<br>La entrega de lo recaudado, que es de 281 mil 950 pesos, la hizo el secretario general del Congreso, Jos\u00e9 Antonio R\u00edos Rojo, y la recibi\u00f3 la presidenta del Sistema DIF Sinaloa en sus oficinas.<br>Esta cantidad, explic\u00f3 R\u00edos Rojo, se reuni\u00f3 con aportaciones de diputados, diputadas trabajadoras y trabajadores del Congreso, entre administrativos, de intendencia, jardineros, de todos los compa\u00f1eros y compa\u00f1eras.<br>Record\u00f3 que la recaudaci\u00f3n empez\u00f3 desde el momento en que se aprob\u00f3 en el Congreso y dur\u00f3 dos semanas para esperar el pago quincenal y aplicar los descuentos que voluntariamente acordaron las y los aportantes.<br>El secretario general del Congreso calific\u00f3 como buena y solidaria la participaci\u00f3n tanto de diputadas y diputados como de la base trabajadora, pero aclar\u00f3 que por la magnitud del desastre que gener\u00f3 el hurac\u00e1n Otis en el puerto de Acapulco, y los da\u00f1os de la tormenta Norma, en Sinaloa, cualquier cantidad que se recaude es insuficiente, \u201cpero ah\u00ed estamos contribuyendo en la medida de nuestras posibilidades\u201d.<\/p>\n","protected":false},"excerpt":{"rendered":"<p>El Congreso del Estado entreg\u00f3 este lunes a la presidenta del Sistema DIF Sinaloa, Eneyda Rocha Ruiz, las aportaciones que realizaron diputadas y diputados, as\u00ed como personal administrativo y de todas las \u00e1reas del poder Legislativo para apoyar a personas damnificadas en Sinaloa por la tormenta tropical Norma, y de Acapulco, por el hurac\u00e1n Otis.La<\/p>\n","protected":false},"author":6,"featured_media":100766,"comment_status":"closed","ping_status":"closed","sticky":false,"template":"","format":"standard","meta":{"footnotes":""},"categories":[31],"tags":[],"class_list":["post-100764","post","type-post","status-publish","format-standard","has-post-thumbnail","hentry","category-politica"],"_links":{"self":[{"href":"https:\/\/plataformanoticias.mx\/index.php?rest_route=\/wp\/v2\/posts\/100764","targetHints":{"allow":["GET"]}}],"collection":[{"href":"https:\/\/plataformanoticias.mx\/index.php?rest_route=\/wp\/v2\/posts"}],"about":[{"href":"https:\/\/plataformanoticias.mx\/index.php?rest_route=\/wp\/v2\/types\/post"}],"author":[{"embeddable":true,"href":"https:\/\/plataformanoticias.mx\/index.php?rest_route=\/wp\/v2\/users\/6"}],"replies":[{"embeddable":true,"href":"https:\/\/plataformanoticias.mx\/index.php?rest_route=%2Fwp%2Fv2%2Fcomments&post=100764"}],"version-history":[{"count":1,"href":"https:\/\/plataformanoticias.mx\/index.php?rest_route=\/wp\/v2\/posts\/100764\/revisions"}],"predecessor-version":[{"id":100767,"href":"https:\/\/plataformanoticias.mx\/index.php?rest_route=\/wp\/v2\/posts\/100764\/revisions\/100767"}],"wp:featuredmedia":[{"embeddable":true,"href":"https:\/\/plataformanoticias.mx\/index.php?rest_route=\/wp\/v2\/media\/100766"}],"wp:attachment":[{"href":"https:\/\/plataformanoticias.mx\/index.php?rest_route=%2Fwp%2Fv2%2Fmedia&parent=100764"}],"wp:term":[{"taxonomy":"category","embeddable":true,"href":"https:\/\/plataformanoticias.mx\/index.php?rest_route=%2Fwp%2Fv2%2Fcategories&post=100764"},{"taxonomy":"post_tag","embeddable":true,"href":"https:\/\/plataformanoticias.mx\/index.php?rest_route=%2Fwp%2Fv2%2Ftags&post=100764"}],"curies":[{"name":"wp","href":"https:\/\/api.w.org\/{rel}","templated":true}]}}