{"id":100773,"date":"2023-12-04T15:30:52","date_gmt":"2023-12-04T22:30:52","guid":{"rendered":"https:\/\/plataformanoticias.mx\/?p=100773"},"modified":"2023-12-04T15:30:54","modified_gmt":"2023-12-04T22:30:54","slug":"fuerzas-federales-y-municipales-trabajaran-juntas-en-la-vigilancia-seguridad-y-prevencion-de-fin-de-ano-gvl","status":"publish","type":"post","link":"https:\/\/plataformanoticias.mx\/?p=100773","title":{"rendered":"\u201cFuerzas federales y municipales trabajar\u00e1n juntas en la vigilancia, seguridad y prevenci\u00f3n de Fin de A\u00f1o\u201d: GVL."},"content":{"rendered":"\n<p><strong><em>El<\/em><\/strong><strong><em>&nbsp;<\/em><\/strong><strong><em>Presidente Municipal inform\u00f3 que se tom\u00f3 dicho acuerdo en la Mesa de Seguridad<\/em><\/strong><strong><em>,<\/em><\/strong><strong><em>&nbsp;y que se integrar\u00e1n operativos para atender zonas ruarles y la ciudad de manera conjunta SEMAR, GN y SSPC<\/em><\/strong><strong><em>&nbsp;Ahome<\/em><\/strong><strong><em>\u2026<\/em><\/strong><\/p>\n\n\n\n<p>El Presidente Municipal Gerardo Octavio Vargas Landeros, inform\u00f3 que en la Mesa de Seguridad se cont\u00f3 con la participaci\u00f3n de directivos de la Asociaci\u00f3n de Agricultores del R\u00edo Fuerte Sur (AARFS), quienes acudieron para solicitar apoyo con operativos de seguridad en estas fechas decembrinas de Navidad y Fin de A\u00f1o.<\/p>\n\n\n\n<p>\u201cAcordamos&nbsp;reforzar&nbsp;tales&nbsp;operativos&nbsp;para&nbsp;garantizar&nbsp;la&nbsp;prevenci\u00f3n y&nbsp;seguridad del comercio&nbsp;y de los&nbsp;ciudadanos.&nbsp;Nos acompa\u00f1\u00f3&nbsp;el&nbsp;Presidente de dicho organismo&nbsp;C\u00e9sar Galaviz y algunos&nbsp;otros&nbsp;integrantes de&nbsp;la&nbsp;mesa&nbsp;directiva,quienes dijeron que se\u00f1alar\u00e1n los sitios donde necesitan tales operativos, los cuales&nbsp;ser\u00e1n conformados con las&nbsp;fuerzas federales y municipales\u201d, expres\u00f3 Vargas Landeros.<\/p>\n\n\n\n<p>El Alcalde subray\u00f3 que, adem\u00e1s de dicho operativo especial con el sector productivo del campo, se reforzar\u00e1 tambi\u00e9n la vigilancia y prevenci\u00f3n en la zona centro de la ciudad y en las plazas comerciales.<\/p>\n\n\n\n<p>\u201cCon el apoyo de la Secretar\u00eda de Marina, la Guardia Nacional&nbsp;y nuestra corporaci\u00f3n municipal, vamos acudir a&nbsp;todos estos&nbsp;sitos&nbsp;y estar atentos&nbsp;en&nbsp;el&nbsp;trabajo&nbsp;de&nbsp;prevenci\u00f3n\u201d, se\u00f1al\u00f3 el Presidente Municipal.<\/p>\n\n\n\n<p>Subray\u00f3 que ya se avanz\u00f3 satisfactoriamente en la limpieza, iluminaci\u00f3n y embellecimiento de la ciudad, para que los visitantes y ahomenses, disfruten en familia de estas fiestas decembrinas.<\/p>\n\n\n\n<p>Por \u00faltimo, referente al tema pol\u00edtico electoral,&nbsp;en respuesta a pregunta expresa de los representantes de los medios de comunicaci\u00f3n,&nbsp;Vargas Landeros, ratific\u00f3 que este martes se registrar\u00e1 para participar en el proceso de elecci\u00f3n de la Alcald\u00eda de Ahome.<\/p>\n\n\n\n<p>\u201cEstoy esperanzado de que&nbsp;el&nbsp;trabajo que&nbsp;hemos hecho&nbsp;le valga a mi partido,&nbsp;y&nbsp;que el trabajo que la ciudadan\u00eda&nbsp;ha hecho de&nbsp;la mano de esta administraci\u00f3n,&nbsp;nos lleve a un resultado favorable\u201d, coment\u00f3 el Alcalde.<\/p>\n","protected":false},"excerpt":{"rendered":"<p>El&nbsp;Presidente Municipal inform\u00f3 que se tom\u00f3 dicho acuerdo en la Mesa de Seguridad,&nbsp;y que se integrar\u00e1n operativos para atender zonas ruarles y la ciudad de manera conjunta SEMAR, GN y SSPC&nbsp;Ahome\u2026 El Presidente Municipal Gerardo Octavio Vargas Landeros, inform\u00f3 que en la Mesa de Seguridad se cont\u00f3 con la participaci\u00f3n de directivos de la Asociaci\u00f3n<\/p>\n","protected":false},"author":6,"featured_media":100776,"comment_status":"closed","ping_status":"closed","sticky":false,"template":"","format":"standard","meta":{"footnotes":""},"categories":[38],"tags":[],"class_list":["post-100773","post","type-post","status-publish","format-standard","has-post-thumbnail","hentry","category-locales"],"_links":{"self":[{"href":"https:\/\/plataformanoticias.mx\/index.php?rest_route=\/wp\/v2\/posts\/100773","targetHints":{"allow":["GET"]}}],"collection":[{"href":"https:\/\/plataformanoticias.mx\/index.php?rest_route=\/wp\/v2\/posts"}],"about":[{"href":"https:\/\/plataformanoticias.mx\/index.php?rest_route=\/wp\/v2\/types\/post"}],"author":[{"embeddable":true,"href":"https:\/\/plataformanoticias.mx\/index.php?rest_route=\/wp\/v2\/users\/6"}],"replies":[{"embeddable":true,"href":"https:\/\/plataformanoticias.mx\/index.php?rest_route=%2Fwp%2Fv2%2Fcomments&post=100773"}],"version-history":[{"count":2,"href":"https:\/\/plataformanoticias.mx\/index.php?rest_route=\/wp\/v2\/posts\/100773\/revisions"}],"predecessor-version":[{"id":100777,"href":"https:\/\/plataformanoticias.mx\/index.php?rest_route=\/wp\/v2\/posts\/100773\/revisions\/100777"}],"wp:featuredmedia":[{"embeddable":true,"href":"https:\/\/plataformanoticias.mx\/index.php?rest_route=\/wp\/v2\/media\/100776"}],"wp:attachment":[{"href":"https:\/\/plataformanoticias.mx\/index.php?rest_route=%2Fwp%2Fv2%2Fmedia&parent=100773"}],"wp:term":[{"taxonomy":"category","embeddable":true,"href":"https:\/\/plataformanoticias.mx\/index.php?rest_route=%2Fwp%2Fv2%2Fcategories&post=100773"},{"taxonomy":"post_tag","embeddable":true,"href":"https:\/\/plataformanoticias.mx\/index.php?rest_route=%2Fwp%2Fv2%2Ftags&post=100773"}],"curies":[{"name":"wp","href":"https:\/\/api.w.org\/{rel}","templated":true}]}}