{"id":100795,"date":"2023-12-04T16:07:58","date_gmt":"2023-12-04T23:07:58","guid":{"rendered":"https:\/\/plataformanoticias.mx\/?p=100795"},"modified":"2023-12-04T16:07:59","modified_gmt":"2023-12-04T23:07:59","slug":"ayuntamiento-de-ahome-premia-a-las-ganadoras-del-2do-concurso-proyecto-de-vida","status":"publish","type":"post","link":"https:\/\/plataformanoticias.mx\/?p=100795","title":{"rendered":"Ayuntamiento de Ahome premia a las ganadoras del\u00a02do. Concurso \u201cProyecto de Vida\u201d."},"content":{"rendered":"\n<p><strong><em>Las galardonadas fueron\u00a0Paloma Salazar Boj\u00f3rquez,\u00a0Sof\u00eda Villasana L\u00f3pez\u00a0e\u00a0Isabella S\u00e1nchez Heredia, con el primero, segundo y tercer lugar respectivamente\u2026<\/em><\/strong><\/p>\n\n\n\n<p>En el marco de los 16 D\u00edas de Activismo por la conmemoraci\u00f3n del D\u00eda Internacional\u00a0de la Eliminaci\u00f3n de la Violencia\u00a0contra las\u00a0Mujeres y las\u00a0Ni\u00f1as,\u00a0el Ayuntamiento de Ahome, a trav\u00e9s de la Secretar\u00eda de Las Mujeres,\u00a0entreg\u00f3 premios y reconocimientos a las ganadoras del 2do. Concurso \u201cProyecto de Vida\u201d.<\/p>\n\n\n\n<p>En la mesa del pres\u00eddium estuvieron presentes Cecilia Hern\u00e1ndez Flores, S\u00edndica Procuradora, quien acudi\u00f3 en representaci\u00f3n del Presidente Municipal, C. Gerardo Octavio Vargas Landeros;&nbsp;la regidora Ofelia Rodr\u00edguez&nbsp;Morales, Presidenta de la Comisi\u00f3n&nbsp;de Equidad, G\u00e9nero y Familia;Mar\u00eda&nbsp;Magdalena Rocha Pe\u00f1a,&nbsp;Secretaria de las Mujeres; Sixto Rosas Hern\u00e1ndez, Director de Educaci\u00f3n;&nbsp;as\u00ed como los integrantes del jurado calificador del concurso, Guillermo D\u00f3rame Hern\u00e1ndez y Blanca Julia Meneses Rodr\u00edguez.<\/p>\n\n\n\n<p>En su mensaje,&nbsp;Cecilia Hern\u00e1ndez Flores&nbsp;destac\u00f3&nbsp;la importancia de&nbsp;este tipo de concursos&nbsp;ya que motivan a las nuevas generaciones,&nbsp;adem\u00e1s de que cumplen con la encomienda del Alcalde de Ahome, de trabajar arduamente en todos los sectores, ya que&nbsp;es una persona preocupada en que los j\u00f3venes se desarrollen en los diferentes \u00e1mbitos.<\/p>\n\n\n\n<p>\u201cEn nombre del&nbsp;Presidente&nbsp;Municipal, felicitarla&nbsp;a la Secretaria Magdalena por este tipo de actividades,&nbsp;por este tipo de acciones, y hay&nbsp;que seguir trabajando en la medida de lo posible, por estas generaciones,&nbsp;esta chicas,&nbsp;que van a&nbsp;ser mujeres definitivamente&nbsp;de bien&nbsp;por este plan que tienen\u201d,&nbsp;expres\u00f3&nbsp;Hern\u00e1ndez Flores.&nbsp;<\/p>\n\n\n\n<p>Dijo que las puertas del Ayuntamiento de Ahome, a trav\u00e9s de sus diferentes \u00e1reas, est\u00e1n abiertas para que\u00a0las\u00a0j\u00f3venes puedan llevar a cabo su proyecto de vida, por lo que las exhort\u00f3 a acercarse\u00a0al Gobierno Municipal.<\/p>\n\n\n\n<figure class=\"wp-block-image size-full\"><img loading=\"lazy\" decoding=\"async\" width=\"1024\" height=\"684\" src=\"https:\/\/plataformanoticias.mx\/wp-content\/uploads\/2023\/12\/BCC3C10F-839C-4986-9525-D438F5054188.jpeg\" alt=\"\" class=\"wp-image-100797\" srcset=\"https:\/\/plataformanoticias.mx\/wp-content\/uploads\/2023\/12\/BCC3C10F-839C-4986-9525-D438F5054188.jpeg 1024w, https:\/\/plataformanoticias.mx\/wp-content\/uploads\/2023\/12\/BCC3C10F-839C-4986-9525-D438F5054188-300x200.jpeg 300w, https:\/\/plataformanoticias.mx\/wp-content\/uploads\/2023\/12\/BCC3C10F-839C-4986-9525-D438F5054188-768x513.jpeg 768w\" sizes=\"auto, (max-width: 1024px) 100vw, 1024px\" \/><\/figure>\n\n\n\n<p>Por su parte&nbsp;Mar\u00eda Magdalena Rocha Pe\u00f1a, Secretaria de las Mujeres, destac\u00f3 que este concurso fue el pretexto perfecto para llegar a las diferentes instituciones del municipio, tanto en la zona rural como urbana,&nbsp;donde se les habl\u00f3 a las j\u00f3venes y adolescentes de la importancia de&nbsp;este ejercicio.<\/p>\n\n\n\n<p>\u201cRecorrimos&nbsp;todo nuestro municipio,&nbsp;donde no nada m\u00e1s \u00edbamos a invitar a que concursaran, sino era un espacio de reflexi\u00f3n, de la importancia de un proyecto de vida,&nbsp;tuvimos 157&nbsp;extraordinarios trabajos, de los cuales 51 fue de jovencitas del \u00e1rea rural y 106 del \u00e1rea urbana\u201d, inform\u00f3 Rocha Pe\u00f1a.<\/p>\n\n\n\n<p>Dijo que para atacar la desigualdad sustantiva, se deben crear espacios para generar conciencia desde la adolescencia, por lo que&nbsp;elaborar&nbsp;un proyecto de vida empodera a la mujer, ya que le permite visualizarse y establecer objetivos a corto, mediano y largo&nbsp;plazo, lo que ayuda a prevenir la violencia, ya que una mujer con autonom\u00eda econ\u00f3mica tiene mayores condiciones para salir del ciclo de la violencia&nbsp;<\/p>\n\n\n\n<p>Guillermo D\u00f3rame Hern\u00e1ndez, quien habl\u00f3 en representaci\u00f3n del jurado calificador,&nbsp;expres\u00f3&nbsp;que este ejercicio permiti\u00f3 el acercamiento con la familia ahomense, la cual es la instituci\u00f3n socializante por excelencia,&nbsp;de donde provienen los sue\u00f1os y motivaciones&nbsp;de quienes hoy son adolescentes y se visualizan un futuro&nbsp;de mujeres reales y empoderadas.<\/p>\n\n\n\n<p>Las galardonadas&nbsp;del&nbsp;2do. Concurso \u201cProyecto de Vida\u201dfueron&nbsp;Isabella S\u00e1nchez Heredia, quien recibi\u00f3 un reconocimiento del&nbsp;tercer&nbsp;lugar y un premio de 3 mil pesos;&nbsp;Sof\u00eda Villasana L\u00f3pez, segundo&nbsp;lugar y un premio de 5 mil pesos; y Paloma Salazar Boj\u00f3rquez, con el primer lugar y&nbsp;un premio de 8 mil pesos, quien, a nombre de las participantes, agradeci\u00f3 a las autoridades municipales por este tipo de actividades, ya que el visualizar un futuro les ha dejado una gran lecci\u00f3n y compromiso con ellas y&nbsp;con&nbsp;quienes lesrodean.<\/p>\n\n\n\n<p>Cabe mencionar que debido a la gran calidad de trabajos presentados, el jurado calificador decidi\u00f3 entregar&nbsp;menci\u00f3n honorifica&nbsp;para las participantes&nbsp;Paloma Sina\u00ed Pacheco y Dianne Acosta Boj\u00f3rquez.<\/p>\n","protected":false},"excerpt":{"rendered":"<p>Las galardonadas fueron\u00a0Paloma Salazar Boj\u00f3rquez,\u00a0Sof\u00eda Villasana L\u00f3pez\u00a0e\u00a0Isabella S\u00e1nchez Heredia, con el primero, segundo y tercer lugar respectivamente\u2026 En el marco de los 16 D\u00edas de Activismo por la conmemoraci\u00f3n del D\u00eda Internacional\u00a0de la Eliminaci\u00f3n de la Violencia\u00a0contra las\u00a0Mujeres y las\u00a0Ni\u00f1as,\u00a0el Ayuntamiento de Ahome, a trav\u00e9s de la Secretar\u00eda de Las Mujeres,\u00a0entreg\u00f3 premios y reconocimientos a<\/p>\n","protected":false},"author":6,"featured_media":100798,"comment_status":"closed","ping_status":"closed","sticky":false,"template":"","format":"standard","meta":{"footnotes":""},"categories":[38],"tags":[],"class_list":["post-100795","post","type-post","status-publish","format-standard","has-post-thumbnail","hentry","category-locales"],"_links":{"self":[{"href":"https:\/\/plataformanoticias.mx\/index.php?rest_route=\/wp\/v2\/posts\/100795","targetHints":{"allow":["GET"]}}],"collection":[{"href":"https:\/\/plataformanoticias.mx\/index.php?rest_route=\/wp\/v2\/posts"}],"about":[{"href":"https:\/\/plataformanoticias.mx\/index.php?rest_route=\/wp\/v2\/types\/post"}],"author":[{"embeddable":true,"href":"https:\/\/plataformanoticias.mx\/index.php?rest_route=\/wp\/v2\/users\/6"}],"replies":[{"embeddable":true,"href":"https:\/\/plataformanoticias.mx\/index.php?rest_route=%2Fwp%2Fv2%2Fcomments&post=100795"}],"version-history":[{"count":1,"href":"https:\/\/plataformanoticias.mx\/index.php?rest_route=\/wp\/v2\/posts\/100795\/revisions"}],"predecessor-version":[{"id":100799,"href":"https:\/\/plataformanoticias.mx\/index.php?rest_route=\/wp\/v2\/posts\/100795\/revisions\/100799"}],"wp:featuredmedia":[{"embeddable":true,"href":"https:\/\/plataformanoticias.mx\/index.php?rest_route=\/wp\/v2\/media\/100798"}],"wp:attachment":[{"href":"https:\/\/plataformanoticias.mx\/index.php?rest_route=%2Fwp%2Fv2%2Fmedia&parent=100795"}],"wp:term":[{"taxonomy":"category","embeddable":true,"href":"https:\/\/plataformanoticias.mx\/index.php?rest_route=%2Fwp%2Fv2%2Fcategories&post=100795"},{"taxonomy":"post_tag","embeddable":true,"href":"https:\/\/plataformanoticias.mx\/index.php?rest_route=%2Fwp%2Fv2%2Ftags&post=100795"}],"curies":[{"name":"wp","href":"https:\/\/api.w.org\/{rel}","templated":true}]}}