{"id":100801,"date":"2023-12-04T21:35:01","date_gmt":"2023-12-05T04:35:01","guid":{"rendered":"https:\/\/plataformanoticias.mx\/?p=100801"},"modified":"2023-12-04T21:35:03","modified_gmt":"2023-12-05T04:35:03","slug":"se-reune-xochitl-galvez-con-embajador-de-eu-en-mexico","status":"publish","type":"post","link":"https:\/\/plataformanoticias.mx\/?p=100801","title":{"rendered":"Se re\u00fane X\u00f3chitl G\u00e1lvez con Embajador de EU en M\u00e9xico"},"content":{"rendered":"\n<p><\/p>\n\n\n\n<p>\u2022 Dialogaron sobre la defensa de migrantes, democracia, derechos humanos y\u00a0energ\u00edas limpias<\/p>\n\n\n\n<p>La precandidata presidencial por el PAN, PRI y PRD, X\u00f3chitl G\u00e1lvez Ruiz, se reuni\u00f3 hoy\u00a0por la tarde con el Embajador de Estados Unidos en M\u00e9xico, Ken Salazar, donde destac\u00f3\u00a0la importancia de avanzar en la integraci\u00f3n de Am\u00e9rica del Norte para hacer frente a\u00a0distintos retos.\u00a0<\/p>\n\n\n\n<p>Durante el encuentro, el diplom\u00e1tico y la precandidata hablaron sobre la defensa de los\u00a0migrantes, el cuidado del medio ambiente, las energ\u00edas limpias, nuevas fuentes de\u00a0energ\u00eda y cadenas de suministro, as\u00ed como de temas geopol\u00edticos para la defensa de la\u00a0libertad, la democracia y los derechos humanos.<\/p>\n\n\n\n<p>La precandidata de \u201cFuerza y Coraz\u00f3n por M\u00e9xico\u201d expuso que la realidad geogr\u00e1fica\u00a0entre ambos pa\u00edses es un \u00e1rea de oportunidad para modernizar la frontera, no solamente\u00a0en t\u00e9rminos de flujos migratorios, sino tambi\u00e9n del comercio entre los pa\u00edses de Am\u00e9rica\u00a0del Norte.\u00a0<\/p>\n\n\n\n<p>Consider\u00f3 que un M\u00e9xico fuerte tendr\u00eda recursos materiales y humanos suficientes para\u00a0salvaguardar los derechos humanos de las personas migrantes que pasan por nuestro\u00a0pa\u00eds buscando llegar a los Estados Unidos.<\/p>\n\n\n\n<p>Coment\u00f3 que hoy en nuestro pa\u00eds hay nuevos \u00e9xodos migrantes causados por la\u00a0inseguridad y la falta de oportunidades en comunidades marginadas.\u00a0<\/p>\n\n\n\n<p>Agreg\u00f3 que se tienen que establecer par\u00e1metros claros, eficientes y sobre todo que\u00a0construyan confianza entre los pa\u00edses para poder combatir el crimen organizado que hoy\u00a0por hoy trasciende fronteras.\u00a0<\/p>\n\n\n\n<p>Al final de la reuni\u00f3n, G\u00e1lvez Ruiz pidi\u00f3 a la embajada su apoyo para fortalecer la gesti\u00f3n\u00a0diplom\u00e1tica durante su visita a Washington DC, el pr\u00f3ximo a\u00f1o.<\/p>\n","protected":false},"excerpt":{"rendered":"<p>\u2022 Dialogaron sobre la defensa de migrantes, democracia, derechos humanos y\u00a0energ\u00edas limpias La precandidata presidencial por el PAN, PRI y PRD, X\u00f3chitl G\u00e1lvez Ruiz, se reuni\u00f3 hoy\u00a0por la tarde con el Embajador de Estados Unidos en M\u00e9xico, Ken Salazar, donde destac\u00f3\u00a0la importancia de avanzar en la integraci\u00f3n de Am\u00e9rica del Norte para hacer frente a\u00a0distintos<\/p>\n","protected":false},"author":6,"featured_media":100803,"comment_status":"closed","ping_status":"closed","sticky":false,"template":"","format":"standard","meta":{"footnotes":""},"categories":[31],"tags":[],"class_list":["post-100801","post","type-post","status-publish","format-standard","has-post-thumbnail","hentry","category-politica"],"_links":{"self":[{"href":"https:\/\/plataformanoticias.mx\/index.php?rest_route=\/wp\/v2\/posts\/100801","targetHints":{"allow":["GET"]}}],"collection":[{"href":"https:\/\/plataformanoticias.mx\/index.php?rest_route=\/wp\/v2\/posts"}],"about":[{"href":"https:\/\/plataformanoticias.mx\/index.php?rest_route=\/wp\/v2\/types\/post"}],"author":[{"embeddable":true,"href":"https:\/\/plataformanoticias.mx\/index.php?rest_route=\/wp\/v2\/users\/6"}],"replies":[{"embeddable":true,"href":"https:\/\/plataformanoticias.mx\/index.php?rest_route=%2Fwp%2Fv2%2Fcomments&post=100801"}],"version-history":[{"count":1,"href":"https:\/\/plataformanoticias.mx\/index.php?rest_route=\/wp\/v2\/posts\/100801\/revisions"}],"predecessor-version":[{"id":100804,"href":"https:\/\/plataformanoticias.mx\/index.php?rest_route=\/wp\/v2\/posts\/100801\/revisions\/100804"}],"wp:featuredmedia":[{"embeddable":true,"href":"https:\/\/plataformanoticias.mx\/index.php?rest_route=\/wp\/v2\/media\/100803"}],"wp:attachment":[{"href":"https:\/\/plataformanoticias.mx\/index.php?rest_route=%2Fwp%2Fv2%2Fmedia&parent=100801"}],"wp:term":[{"taxonomy":"category","embeddable":true,"href":"https:\/\/plataformanoticias.mx\/index.php?rest_route=%2Fwp%2Fv2%2Fcategories&post=100801"},{"taxonomy":"post_tag","embeddable":true,"href":"https:\/\/plataformanoticias.mx\/index.php?rest_route=%2Fwp%2Fv2%2Ftags&post=100801"}],"curies":[{"name":"wp","href":"https:\/\/api.w.org\/{rel}","templated":true}]}}