{"id":100813,"date":"2023-12-05T10:07:41","date_gmt":"2023-12-05T17:07:41","guid":{"rendered":"https:\/\/plataformanoticias.mx\/?p=100813"},"modified":"2023-12-05T10:07:42","modified_gmt":"2023-12-05T17:07:42","slug":"el-alcalde-gerardo-vargas-se-registra-en-busca-de-la-reeleccion","status":"publish","type":"post","link":"https:\/\/plataformanoticias.mx\/?p=100813","title":{"rendered":"El alcalde Gerardo Vargas se registra en busca de la reelecci\u00f3n"},"content":{"rendered":"\n<figure class=\"wp-block-image size-large\"><img loading=\"lazy\" decoding=\"async\" width=\"1024\" height=\"684\" src=\"https:\/\/plataformanoticias.mx\/wp-content\/uploads\/2023\/12\/5456eb51-ca75-46ed-ba17-eb7c0b2c4c76-1024x684.jpeg\" alt=\"\" class=\"wp-image-100815\" srcset=\"https:\/\/plataformanoticias.mx\/wp-content\/uploads\/2023\/12\/5456eb51-ca75-46ed-ba17-eb7c0b2c4c76-1024x684.jpeg 1024w, https:\/\/plataformanoticias.mx\/wp-content\/uploads\/2023\/12\/5456eb51-ca75-46ed-ba17-eb7c0b2c4c76-300x200.jpeg 300w, https:\/\/plataformanoticias.mx\/wp-content\/uploads\/2023\/12\/5456eb51-ca75-46ed-ba17-eb7c0b2c4c76-768x513.jpeg 768w, https:\/\/plataformanoticias.mx\/wp-content\/uploads\/2023\/12\/5456eb51-ca75-46ed-ba17-eb7c0b2c4c76-1536x1026.jpeg 1536w, https:\/\/plataformanoticias.mx\/wp-content\/uploads\/2023\/12\/5456eb51-ca75-46ed-ba17-eb7c0b2c4c76.jpeg 1600w\" sizes=\"auto, (max-width: 1024px) 100vw, 1024px\" \/><\/figure>\n\n\n\n<p><strong>Los Mochis, Sinaloa.<\/strong>&#8211; El alcalde de Ahome Gerardo Vargas Landeros se registr\u00f3 hoy martes 5 de diciembre como aspirante a la candidatura de Ahome, en b\u00fasqueda de su reelecci\u00f3n.<br>As\u00ed se dio a conocer est\u00e1 ma\u00f1ana por lo que se presume que el proceso lo realiz\u00f3 a primera hora y lo hizo v\u00eda digital como tambi\u00e9n lo hab\u00eda adelantado.<br>Este lunes, el funcionario municipal hab\u00eda se\u00f1alado que no ten\u00eda preciso la hora para realizar dicho proceso ya que el d\u00eda de hoy en punto de las 10:00 tiene una reuni\u00f3n junto con el resto de los alcaldes de Sinaloa con el gobernador Rub\u00e9n Rocha Moya<br><\/p>\n","protected":false},"excerpt":{"rendered":"<p>Los Mochis, Sinaloa.&#8211; El alcalde de Ahome Gerardo Vargas Landeros se registr\u00f3 hoy martes 5 de diciembre como aspirante a la candidatura de Ahome, en b\u00fasqueda de su reelecci\u00f3n.As\u00ed se dio a conocer est\u00e1 ma\u00f1ana por lo que se presume que el proceso lo realiz\u00f3 a primera hora y lo hizo v\u00eda digital como tambi\u00e9n<\/p>\n","protected":false},"author":6,"featured_media":100816,"comment_status":"closed","ping_status":"closed","sticky":false,"template":"","format":"standard","meta":{"footnotes":""},"categories":[31],"tags":[],"class_list":["post-100813","post","type-post","status-publish","format-standard","has-post-thumbnail","hentry","category-politica"],"_links":{"self":[{"href":"https:\/\/plataformanoticias.mx\/index.php?rest_route=\/wp\/v2\/posts\/100813","targetHints":{"allow":["GET"]}}],"collection":[{"href":"https:\/\/plataformanoticias.mx\/index.php?rest_route=\/wp\/v2\/posts"}],"about":[{"href":"https:\/\/plataformanoticias.mx\/index.php?rest_route=\/wp\/v2\/types\/post"}],"author":[{"embeddable":true,"href":"https:\/\/plataformanoticias.mx\/index.php?rest_route=\/wp\/v2\/users\/6"}],"replies":[{"embeddable":true,"href":"https:\/\/plataformanoticias.mx\/index.php?rest_route=%2Fwp%2Fv2%2Fcomments&post=100813"}],"version-history":[{"count":1,"href":"https:\/\/plataformanoticias.mx\/index.php?rest_route=\/wp\/v2\/posts\/100813\/revisions"}],"predecessor-version":[{"id":100817,"href":"https:\/\/plataformanoticias.mx\/index.php?rest_route=\/wp\/v2\/posts\/100813\/revisions\/100817"}],"wp:featuredmedia":[{"embeddable":true,"href":"https:\/\/plataformanoticias.mx\/index.php?rest_route=\/wp\/v2\/media\/100816"}],"wp:attachment":[{"href":"https:\/\/plataformanoticias.mx\/index.php?rest_route=%2Fwp%2Fv2%2Fmedia&parent=100813"}],"wp:term":[{"taxonomy":"category","embeddable":true,"href":"https:\/\/plataformanoticias.mx\/index.php?rest_route=%2Fwp%2Fv2%2Fcategories&post=100813"},{"taxonomy":"post_tag","embeddable":true,"href":"https:\/\/plataformanoticias.mx\/index.php?rest_route=%2Fwp%2Fv2%2Ftags&post=100813"}],"curies":[{"name":"wp","href":"https:\/\/api.w.org\/{rel}","templated":true}]}}