{"id":100818,"date":"2023-12-05T10:41:45","date_gmt":"2023-12-05T17:41:45","guid":{"rendered":"https:\/\/plataformanoticias.mx\/?p=100818"},"modified":"2023-12-05T10:41:45","modified_gmt":"2023-12-05T17:41:45","slug":"diputados-del-pas-denunciaron-que-ruben-rocha-va-a-realizar-un-informe-fast-track","status":"publish","type":"post","link":"https:\/\/plataformanoticias.mx\/?p=100818","title":{"rendered":"Diputados del PAS denunciaron que Rub\u00e9n Rocha va a realizar un informe \u201cfast track\u201d"},"content":{"rendered":"\n<p><\/p>\n\n\n\n<p>El segundo informe de gobierno de Rub\u00e9n Rocha Moya en el Congreso del Estado se realiz\u00f3 a la carrera, \u201cfast track\u201d, no giraron invitaciones y no tomaron en cuenta al grupo parlamentario del PAS, manifest\u00f3 la coordinadora de la bancada pasista, Alba Virgen Montes \u00c1lvarez.<br>Se\u00f1al\u00f3 que es la caracter\u00edstica de los morenistas en la 64 legislatura, que no extra\u00f1a y que est\u00e1n demostrando la imposici\u00f3n, el autoritarismo y que no se conduzcan de manera con di\u00e1logo y cortes\u00eda pol\u00edtica, que en especial se ensa\u00f1an con el Partido Sinaloense.<br>Por ello, dijo que vot\u00f3 en contra de que se convocara a la sesi\u00f3n extraordinaria para realizar la reuni\u00f3n de trabajo con el gobernador Rocha Moya por el segundo informe de labores de su gobierno.<br>\u201cSeguimos siendo v\u00edctimas como grupo parlamentario del PAS de discriminaci\u00f3n y autoritarios, que siguen haciendo las cosas en lo oscurito, que no sabemos que le teme el gobernador para presentar un informe de manera expresa\u201d, puntualiz\u00f3 la diputada Elizabeth Ch\u00eda Galaviz.<br>Ambas legisladoras lamentaron seguir el mismo formato inicial ante el voto mayoritario del presidente de la Junta de Coordinaci\u00f3n Pol\u00edtica, Feliciano Castro Mel\u00e9ndrez, que vale m\u00e1s del grupo parlamentario del PAS, que son cinco, insisti\u00f3.<\/p>\n","protected":false},"excerpt":{"rendered":"<p>El segundo informe de gobierno de Rub\u00e9n Rocha Moya en el Congreso del Estado se realiz\u00f3 a la carrera, \u201cfast track\u201d, no giraron invitaciones y no tomaron en cuenta al grupo parlamentario del PAS, manifest\u00f3 la coordinadora de la bancada pasista, Alba Virgen Montes \u00c1lvarez.Se\u00f1al\u00f3 que es la caracter\u00edstica de los morenistas en la 64<\/p>\n","protected":false},"author":6,"featured_media":100820,"comment_status":"closed","ping_status":"closed","sticky":false,"template":"","format":"standard","meta":{"footnotes":""},"categories":[31],"tags":[],"class_list":["post-100818","post","type-post","status-publish","format-standard","has-post-thumbnail","hentry","category-politica"],"_links":{"self":[{"href":"https:\/\/plataformanoticias.mx\/index.php?rest_route=\/wp\/v2\/posts\/100818","targetHints":{"allow":["GET"]}}],"collection":[{"href":"https:\/\/plataformanoticias.mx\/index.php?rest_route=\/wp\/v2\/posts"}],"about":[{"href":"https:\/\/plataformanoticias.mx\/index.php?rest_route=\/wp\/v2\/types\/post"}],"author":[{"embeddable":true,"href":"https:\/\/plataformanoticias.mx\/index.php?rest_route=\/wp\/v2\/users\/6"}],"replies":[{"embeddable":true,"href":"https:\/\/plataformanoticias.mx\/index.php?rest_route=%2Fwp%2Fv2%2Fcomments&post=100818"}],"version-history":[{"count":1,"href":"https:\/\/plataformanoticias.mx\/index.php?rest_route=\/wp\/v2\/posts\/100818\/revisions"}],"predecessor-version":[{"id":100821,"href":"https:\/\/plataformanoticias.mx\/index.php?rest_route=\/wp\/v2\/posts\/100818\/revisions\/100821"}],"wp:featuredmedia":[{"embeddable":true,"href":"https:\/\/plataformanoticias.mx\/index.php?rest_route=\/wp\/v2\/media\/100820"}],"wp:attachment":[{"href":"https:\/\/plataformanoticias.mx\/index.php?rest_route=%2Fwp%2Fv2%2Fmedia&parent=100818"}],"wp:term":[{"taxonomy":"category","embeddable":true,"href":"https:\/\/plataformanoticias.mx\/index.php?rest_route=%2Fwp%2Fv2%2Fcategories&post=100818"},{"taxonomy":"post_tag","embeddable":true,"href":"https:\/\/plataformanoticias.mx\/index.php?rest_route=%2Fwp%2Fv2%2Ftags&post=100818"}],"curies":[{"name":"wp","href":"https:\/\/api.w.org\/{rel}","templated":true}]}}