{"id":100822,"date":"2023-12-05T10:43:17","date_gmt":"2023-12-05T17:43:17","guid":{"rendered":"https:\/\/plataformanoticias.mx\/?p=100822"},"modified":"2023-12-05T10:43:18","modified_gmt":"2023-12-05T17:43:18","slug":"necesario-el-apoyo-de-la-federacion-para-el-campo-sinaloense-caades","status":"publish","type":"post","link":"https:\/\/plataformanoticias.mx\/?p=100822","title":{"rendered":"Necesario el apoyo de la federaci\u00f3n para el campo sinaloense: Caades"},"content":{"rendered":"\n<p><\/p>\n\n\n\n<p>Se requiere el apoyo inmediato de la federaci\u00f3n para poder sacar adelante el ciclo agr\u00edcola, advirti\u00f3 Marte Vega Rom\u00e1n, presidente de Confederaci\u00f3n de Asociaciones Agr\u00edcolas del Estado de Sinaloa (Caades).<br>Vega Rom\u00e1n acept\u00f3 que en lo que compete al gobernador, Rub\u00e9n Rocha Moya se han realizado acciones importantes para el apoyo del campo, sin embargo al ser tan amplio el sector agr\u00edcola de Sinaloa y complicada la situaci\u00f3n que se est\u00e1 viviendo por falta de agua y precios bajos, que se requieren cantidades importantes de recursos para asegurar la producci\u00f3n agr\u00edcola en el estado.<br>&#8220;Se han destinado muchos recursos para tratar de solventar la problem\u00e1tica agropecuaria, no tenemos la menor duda, y tenemos la seguridad que si tuviera capacidad el gobernador de solucionar el problema total del agro ya lo hubiera hecho&#8221;, expres\u00f3.<br>El presidente de Caades dijo que, las gestiones seguir\u00e1n encaminadas a convencer a las autoridades federales que la asignaci\u00f3n de presupuesto para la agricultura es una inversi\u00f3n, sobre todo por la importancia que representa para la econom\u00eda del pa\u00eds.<br>&#8220;Sinaloa es tan grande en el tema agr\u00edcola que las capacidades del gobierno est\u00e1n imposibilitadas para resolver, ocupamos el apoyo de la federaci\u00f3n&#8221;, agreg\u00f3.<\/p>\n","protected":false},"excerpt":{"rendered":"<p>Se requiere el apoyo inmediato de la federaci\u00f3n para poder sacar adelante el ciclo agr\u00edcola, advirti\u00f3 Marte Vega Rom\u00e1n, presidente de Confederaci\u00f3n de Asociaciones Agr\u00edcolas del Estado de Sinaloa (Caades).Vega Rom\u00e1n acept\u00f3 que en lo que compete al gobernador, Rub\u00e9n Rocha Moya se han realizado acciones importantes para el apoyo del campo, sin embargo al<\/p>\n","protected":false},"author":6,"featured_media":100824,"comment_status":"closed","ping_status":"closed","sticky":false,"template":"","format":"standard","meta":{"footnotes":""},"categories":[38],"tags":[],"class_list":["post-100822","post","type-post","status-publish","format-standard","has-post-thumbnail","hentry","category-locales"],"_links":{"self":[{"href":"https:\/\/plataformanoticias.mx\/index.php?rest_route=\/wp\/v2\/posts\/100822","targetHints":{"allow":["GET"]}}],"collection":[{"href":"https:\/\/plataformanoticias.mx\/index.php?rest_route=\/wp\/v2\/posts"}],"about":[{"href":"https:\/\/plataformanoticias.mx\/index.php?rest_route=\/wp\/v2\/types\/post"}],"author":[{"embeddable":true,"href":"https:\/\/plataformanoticias.mx\/index.php?rest_route=\/wp\/v2\/users\/6"}],"replies":[{"embeddable":true,"href":"https:\/\/plataformanoticias.mx\/index.php?rest_route=%2Fwp%2Fv2%2Fcomments&post=100822"}],"version-history":[{"count":1,"href":"https:\/\/plataformanoticias.mx\/index.php?rest_route=\/wp\/v2\/posts\/100822\/revisions"}],"predecessor-version":[{"id":100825,"href":"https:\/\/plataformanoticias.mx\/index.php?rest_route=\/wp\/v2\/posts\/100822\/revisions\/100825"}],"wp:featuredmedia":[{"embeddable":true,"href":"https:\/\/plataformanoticias.mx\/index.php?rest_route=\/wp\/v2\/media\/100824"}],"wp:attachment":[{"href":"https:\/\/plataformanoticias.mx\/index.php?rest_route=%2Fwp%2Fv2%2Fmedia&parent=100822"}],"wp:term":[{"taxonomy":"category","embeddable":true,"href":"https:\/\/plataformanoticias.mx\/index.php?rest_route=%2Fwp%2Fv2%2Fcategories&post=100822"},{"taxonomy":"post_tag","embeddable":true,"href":"https:\/\/plataformanoticias.mx\/index.php?rest_route=%2Fwp%2Fv2%2Ftags&post=100822"}],"curies":[{"name":"wp","href":"https:\/\/api.w.org\/{rel}","templated":true}]}}