{"id":100837,"date":"2023-12-05T11:56:17","date_gmt":"2023-12-05T18:56:17","guid":{"rendered":"https:\/\/plataformanoticias.mx\/?p=100837"},"modified":"2023-12-05T11:56:18","modified_gmt":"2023-12-05T18:56:18","slug":"haremos-un-pais-chingon-de-clase-media-fuerte-xochitl-galvez","status":"publish","type":"post","link":"https:\/\/plataformanoticias.mx\/?p=100837","title":{"rendered":"Haremos un pa\u00eds ching\u00f3n, de clase media fuerte: X\u00f3chitl Galvez"},"content":{"rendered":"\n<figure class=\"wp-block-image size-full\"><img loading=\"lazy\" decoding=\"async\" width=\"828\" height=\"484\" src=\"https:\/\/plataformanoticias.mx\/wp-content\/uploads\/2023\/12\/IMG_1634.jpeg\" alt=\"\" class=\"wp-image-100839\" srcset=\"https:\/\/plataformanoticias.mx\/wp-content\/uploads\/2023\/12\/IMG_1634.jpeg 828w, https:\/\/plataformanoticias.mx\/wp-content\/uploads\/2023\/12\/IMG_1634-300x175.jpeg 300w, https:\/\/plataformanoticias.mx\/wp-content\/uploads\/2023\/12\/IMG_1634-768x449.jpeg 768w\" sizes=\"auto, (max-width: 828px) 100vw, 828px\" \/><\/figure>\n\n\n\n<p>La precandidata del frente opositor presenta a quienes conformar\u00e1n su equipo de campa\u00f1a.&nbsp;<\/p>\n\n\n\n<p>Ante los medios de comunicaci\u00f3n present\u00f3 a hombres y mujeres que conformar\u00e1n su cuarto de guerra rumbo a la elecci\u00f3n del 2 de junio del 2024.<\/p>\n\n\n\n<p>X\u00f3chitl Galvez adelant\u00f3 que su propuesta ser\u00e1 enfocada a fortalecimiento de la clase media, con una econom\u00eda fuerte para que M\u00e9xico sea un pa\u00eds ching\u00f3n.&nbsp;<\/p>\n\n\n\n<p>&nbsp;Quienes conformar\u00e1n este gran equipo son: Dice que es 100% capacidad y plural:<\/p>\n\n\n\n<p>????Santiago Creel. Coordinador General.<\/p>\n\n\n\n<p>????Armando Tejeda. Coordinador Operativo.<\/p>\n\n\n\n<p>????Carolina Viggiano. Coordinadora Ejecutiva.<\/p>\n\n\n\n<p>????\u00c1ngel \u00c1vila. Coordinador de Alianzas.<\/p>\n\n\n\n<p>????Kenia L\u00f3pez. Jefa de Oficina.<\/p>\n\n\n\n<p>????Ruben Moreira. Coordinador Territorial.<\/p>\n\n\n\n<p>????Max Cort\u00e1zar. Coordinador de Comunicaci\u00f3n.<\/p>\n\n\n\n<p>????Josefina V\u00e1zquez Mota. L\u00edderes en campa\u00f1a.<\/p>\n\n\n\n<p>????Margarita Mart\u00ednez. Promoci\u00f3n del Voto.<\/p>\n\n\n\n<p>????Rolando Zapata. Defensa del Voto.<\/p>\n\n\n\n<p>????Jes\u00fas Ortega. Prospectiva.<\/p>\n\n\n\n<p>????Margarita Zavala. Sociedad Civil.<\/p>\n\n\n\n<p>????Enrique de la Madrid. Mesas Tem\u00e1ticas.<\/p>\n\n\n\n<p>????Norma Aceves. Atenci\u00f3n a personas con discapacidad.<\/p>\n\n\n\n<p>????Fernando Rodr\u00edguez Doval. Contenido.<\/p>\n\n\n\n<p>????Alejandra Latap\u00ed. Vinculaci\u00f3n Institucional.<\/p>\n\n\n\n<p>????Ildefondo Guajardo. Relaciones Exteriores.<\/p>\n\n\n\n<p>????Alejandra Reynoso. Causas Sociales.<\/p>\n\n\n\n<p>????Blanca Alcal\u00e1. Asuntos Migratorios.<\/p>\n\n\n\n<p>????Leticia Barrera. Enlace con el Campo.<\/p>\n\n\n\n<p>????Alessandra Rojo. Activismo Social.<\/p>\n\n\n\n<p>????Julieta Camacho. Gesti\u00f3n social.<\/p>\n\n\n\n<p>????Deborah Romero. Promoci\u00f3n de la Mujer.<\/p>\n\n\n\n<p>????Mois\u00e9s G\u00f3mez. Coordinador de Agenda.<\/p>\n","protected":false},"excerpt":{"rendered":"<p>La precandidata del frente opositor presenta a quienes conformar\u00e1n su equipo de campa\u00f1a.&nbsp; Ante los medios de comunicaci\u00f3n present\u00f3 a hombres y mujeres que conformar\u00e1n su cuarto de guerra rumbo a la elecci\u00f3n del 2 de junio del 2024. X\u00f3chitl Galvez adelant\u00f3 que su propuesta ser\u00e1 enfocada a fortalecimiento de la clase media, con una<\/p>\n","protected":false},"author":6,"featured_media":100840,"comment_status":"closed","ping_status":"closed","sticky":false,"template":"","format":"standard","meta":{"footnotes":""},"categories":[31],"tags":[],"class_list":["post-100837","post","type-post","status-publish","format-standard","has-post-thumbnail","hentry","category-politica"],"_links":{"self":[{"href":"https:\/\/plataformanoticias.mx\/index.php?rest_route=\/wp\/v2\/posts\/100837","targetHints":{"allow":["GET"]}}],"collection":[{"href":"https:\/\/plataformanoticias.mx\/index.php?rest_route=\/wp\/v2\/posts"}],"about":[{"href":"https:\/\/plataformanoticias.mx\/index.php?rest_route=\/wp\/v2\/types\/post"}],"author":[{"embeddable":true,"href":"https:\/\/plataformanoticias.mx\/index.php?rest_route=\/wp\/v2\/users\/6"}],"replies":[{"embeddable":true,"href":"https:\/\/plataformanoticias.mx\/index.php?rest_route=%2Fwp%2Fv2%2Fcomments&post=100837"}],"version-history":[{"count":1,"href":"https:\/\/plataformanoticias.mx\/index.php?rest_route=\/wp\/v2\/posts\/100837\/revisions"}],"predecessor-version":[{"id":100841,"href":"https:\/\/plataformanoticias.mx\/index.php?rest_route=\/wp\/v2\/posts\/100837\/revisions\/100841"}],"wp:featuredmedia":[{"embeddable":true,"href":"https:\/\/plataformanoticias.mx\/index.php?rest_route=\/wp\/v2\/media\/100840"}],"wp:attachment":[{"href":"https:\/\/plataformanoticias.mx\/index.php?rest_route=%2Fwp%2Fv2%2Fmedia&parent=100837"}],"wp:term":[{"taxonomy":"category","embeddable":true,"href":"https:\/\/plataformanoticias.mx\/index.php?rest_route=%2Fwp%2Fv2%2Fcategories&post=100837"},{"taxonomy":"post_tag","embeddable":true,"href":"https:\/\/plataformanoticias.mx\/index.php?rest_route=%2Fwp%2Fv2%2Ftags&post=100837"}],"curies":[{"name":"wp","href":"https:\/\/api.w.org\/{rel}","templated":true}]}}