{"id":100846,"date":"2023-12-05T12:37:24","date_gmt":"2023-12-05T19:37:24","guid":{"rendered":"https:\/\/plataformanoticias.mx\/?p=100846"},"modified":"2023-12-05T12:37:25","modified_gmt":"2023-12-05T19:37:25","slug":"cesar-guerrero-se-registra-por-la-reeleccion-como-diputado-por-el-tercer-distrito","status":"publish","type":"post","link":"https:\/\/plataformanoticias.mx\/?p=100846","title":{"rendered":"C\u00e9sar Guerrero se registra por la reelecci\u00f3n como Diputado por el Tercer Distrito."},"content":{"rendered":"\n<p><\/p>\n\n\n\n<p>Culiac\u00e1n, Sinaloa.- C\u00e9sar Guerrero Alarc\u00f3n se registra ante Morena con la finalidad de reelegirse como Diputado local por el tercer distrito en el pr\u00f3ximo proceso electoral.<\/p>\n\n\n\n<p>&#8220;Despu\u00e9s de haber hecho un an\u00e1lisis hemos decidido tomar la iniciativa de inscribirnos en el siguiente proceso electoral para seguir representando el tercer distrito y por eso hicimos la inscripci\u00f3n pertinente en el partido para efecto de poder estar en condiciones para la reelecci\u00f3n como diputado local por el tercer distrito&#8221;, expres\u00f3.<\/p>\n\n\n\n<p>Guerrero Alarc\u00f3n destac\u00f3 que el objetivo es seguir sirviendo a Ahome y Sinaloa a trav\u00e9s de acciones que sumen al bienestar de la poblaci\u00f3n desde el Congreso del Estado.<\/p>\n\n\n\n<p>&#8220;Nuestra idea es seguir aportando m\u00e1s ideas y seguir trabajando los temas de car\u00e1cter social y obviamente todo aquello que pueda impulsar la productividad en Sinaloa y obviamente el poder lograr que siempre tengamos mejores presupuestos, mejores administraciones del dinero p\u00fablico y al igual siempre estar al servicio y escuch\u00e1ndo a la y los sinaloenses para efecto de poder trabajar una unidad y una consolidaci\u00f3n en respuestas productivas para todos&#8221;, destac\u00f3.<\/p>\n\n\n\n<p>El actual legislador realiz\u00f3 el registro v\u00eda Internet siguiendo lo establecido por la convocatoria.<\/p>\n","protected":false},"excerpt":{"rendered":"<p>Culiac\u00e1n, Sinaloa.- C\u00e9sar Guerrero Alarc\u00f3n se registra ante Morena con la finalidad de reelegirse como Diputado local por el tercer distrito en el pr\u00f3ximo proceso electoral. &#8220;Despu\u00e9s de haber hecho un an\u00e1lisis hemos decidido tomar la iniciativa de inscribirnos en el siguiente proceso electoral para seguir representando el tercer distrito y por eso hicimos la<\/p>\n","protected":false},"author":6,"featured_media":100848,"comment_status":"closed","ping_status":"closed","sticky":false,"template":"","format":"standard","meta":{"footnotes":""},"categories":[31],"tags":[],"class_list":["post-100846","post","type-post","status-publish","format-standard","has-post-thumbnail","hentry","category-politica"],"_links":{"self":[{"href":"https:\/\/plataformanoticias.mx\/index.php?rest_route=\/wp\/v2\/posts\/100846","targetHints":{"allow":["GET"]}}],"collection":[{"href":"https:\/\/plataformanoticias.mx\/index.php?rest_route=\/wp\/v2\/posts"}],"about":[{"href":"https:\/\/plataformanoticias.mx\/index.php?rest_route=\/wp\/v2\/types\/post"}],"author":[{"embeddable":true,"href":"https:\/\/plataformanoticias.mx\/index.php?rest_route=\/wp\/v2\/users\/6"}],"replies":[{"embeddable":true,"href":"https:\/\/plataformanoticias.mx\/index.php?rest_route=%2Fwp%2Fv2%2Fcomments&post=100846"}],"version-history":[{"count":1,"href":"https:\/\/plataformanoticias.mx\/index.php?rest_route=\/wp\/v2\/posts\/100846\/revisions"}],"predecessor-version":[{"id":100849,"href":"https:\/\/plataformanoticias.mx\/index.php?rest_route=\/wp\/v2\/posts\/100846\/revisions\/100849"}],"wp:featuredmedia":[{"embeddable":true,"href":"https:\/\/plataformanoticias.mx\/index.php?rest_route=\/wp\/v2\/media\/100848"}],"wp:attachment":[{"href":"https:\/\/plataformanoticias.mx\/index.php?rest_route=%2Fwp%2Fv2%2Fmedia&parent=100846"}],"wp:term":[{"taxonomy":"category","embeddable":true,"href":"https:\/\/plataformanoticias.mx\/index.php?rest_route=%2Fwp%2Fv2%2Fcategories&post=100846"},{"taxonomy":"post_tag","embeddable":true,"href":"https:\/\/plataformanoticias.mx\/index.php?rest_route=%2Fwp%2Fv2%2Ftags&post=100846"}],"curies":[{"name":"wp","href":"https:\/\/api.w.org\/{rel}","templated":true}]}}