{"id":100852,"date":"2023-12-05T15:02:22","date_gmt":"2023-12-05T22:02:22","guid":{"rendered":"https:\/\/plataformanoticias.mx\/?p=100852"},"modified":"2023-12-05T15:02:48","modified_gmt":"2023-12-05T22:02:48","slug":"marcos-osuna-se-registra-para-alcaldia-de-juan-jose-rios","status":"publish","type":"post","link":"https:\/\/plataformanoticias.mx\/?p=100852","title":{"rendered":"Marcos Osuna se registra para alcald\u00eda de Juan Jos\u00e9 R\u00edos\u00a0"},"content":{"rendered":"\n<p><\/p>\n\n\n\n<p>Tal como lo marca la convocatoria del Partido de Movimiento de Regeneraci\u00f3n Nacional y dentro de los plazos establecidos, Marco Antonio Osuna Moreno se registra para la primera presidencia del municipio de Juan Jos\u00e9 R\u00edos.<\/p>\n\n\n\n<p>Osuna Moreno se dijo listo para someterse a la medici\u00f3n que decida Morena para elegir al candidato que ser\u00e1 el representante de este instituto pol\u00edtico en la elecci\u00f3n del 2 de junio del 2024.<\/p>\n\n\n\n<p>Adem\u00e1s el Todo Terreno argument\u00f3 que su equipo de trabajo est\u00e1 presente en los secci\u00f3neles en el territorio de todo el municipio, no de ahora sino de tiempo atr\u00e1s, que conoce las necesidades de la sindicatura y hoy naciente municipio y conf\u00eda que tanto Morena como los ciudadanos le dar\u00e1n su respaldo.&nbsp;<\/p>\n","protected":false},"excerpt":{"rendered":"<p>Tal como lo marca la convocatoria del Partido de Movimiento de Regeneraci\u00f3n Nacional y dentro de los plazos establecidos, Marco Antonio Osuna Moreno se registra para la primera presidencia del municipio de Juan Jos\u00e9 R\u00edos. Osuna Moreno se dijo listo para someterse a la medici\u00f3n que decida Morena para elegir al candidato que ser\u00e1 el<\/p>\n","protected":false},"author":6,"featured_media":100855,"comment_status":"closed","ping_status":"closed","sticky":false,"template":"","format":"standard","meta":{"footnotes":""},"categories":[31],"tags":[],"class_list":["post-100852","post","type-post","status-publish","format-standard","has-post-thumbnail","hentry","category-politica"],"_links":{"self":[{"href":"https:\/\/plataformanoticias.mx\/index.php?rest_route=\/wp\/v2\/posts\/100852","targetHints":{"allow":["GET"]}}],"collection":[{"href":"https:\/\/plataformanoticias.mx\/index.php?rest_route=\/wp\/v2\/posts"}],"about":[{"href":"https:\/\/plataformanoticias.mx\/index.php?rest_route=\/wp\/v2\/types\/post"}],"author":[{"embeddable":true,"href":"https:\/\/plataformanoticias.mx\/index.php?rest_route=\/wp\/v2\/users\/6"}],"replies":[{"embeddable":true,"href":"https:\/\/plataformanoticias.mx\/index.php?rest_route=%2Fwp%2Fv2%2Fcomments&post=100852"}],"version-history":[{"count":1,"href":"https:\/\/plataformanoticias.mx\/index.php?rest_route=\/wp\/v2\/posts\/100852\/revisions"}],"predecessor-version":[{"id":100854,"href":"https:\/\/plataformanoticias.mx\/index.php?rest_route=\/wp\/v2\/posts\/100852\/revisions\/100854"}],"wp:featuredmedia":[{"embeddable":true,"href":"https:\/\/plataformanoticias.mx\/index.php?rest_route=\/wp\/v2\/media\/100855"}],"wp:attachment":[{"href":"https:\/\/plataformanoticias.mx\/index.php?rest_route=%2Fwp%2Fv2%2Fmedia&parent=100852"}],"wp:term":[{"taxonomy":"category","embeddable":true,"href":"https:\/\/plataformanoticias.mx\/index.php?rest_route=%2Fwp%2Fv2%2Fcategories&post=100852"},{"taxonomy":"post_tag","embeddable":true,"href":"https:\/\/plataformanoticias.mx\/index.php?rest_route=%2Fwp%2Fv2%2Ftags&post=100852"}],"curies":[{"name":"wp","href":"https:\/\/api.w.org\/{rel}","templated":true}]}}