{"id":100878,"date":"2023-12-06T09:46:36","date_gmt":"2023-12-06T16:46:36","guid":{"rendered":"https:\/\/plataformanoticias.mx\/?p=100878"},"modified":"2023-12-06T09:46:36","modified_gmt":"2023-12-06T16:46:36","slug":"chano-valle-va-por-guasave-se-registro-para-la-alcaldia-por-morena","status":"publish","type":"post","link":"https:\/\/plataformanoticias.mx\/?p=100878","title":{"rendered":"Chano Valle va por Guasave, se registr\u00f3 para la alcald\u00eda por Morena"},"content":{"rendered":"\n<figure class=\"wp-block-image size-large\"><img loading=\"lazy\" decoding=\"async\" width=\"742\" height=\"1024\" src=\"https:\/\/plataformanoticias.mx\/wp-content\/uploads\/2023\/12\/e6c9025a-9d9e-44d2-aa3f-753b14f376d8-742x1024.jpeg\" alt=\"\" class=\"wp-image-100880\" srcset=\"https:\/\/plataformanoticias.mx\/wp-content\/uploads\/2023\/12\/e6c9025a-9d9e-44d2-aa3f-753b14f376d8-742x1024.jpeg 742w, https:\/\/plataformanoticias.mx\/wp-content\/uploads\/2023\/12\/e6c9025a-9d9e-44d2-aa3f-753b14f376d8-217x300.jpeg 217w, https:\/\/plataformanoticias.mx\/wp-content\/uploads\/2023\/12\/e6c9025a-9d9e-44d2-aa3f-753b14f376d8-768x1060.jpeg 768w, https:\/\/plataformanoticias.mx\/wp-content\/uploads\/2023\/12\/e6c9025a-9d9e-44d2-aa3f-753b14f376d8.jpeg 1080w\" sizes=\"auto, (max-width: 742px) 100vw, 742px\" \/><\/figure>\n\n\n\n<p>Hoy que es el \u00faltimo d\u00eda para realizar el tr\u00e1mite en la plataforma nacional de elecciones de Morena, Feliciano Valle Sandoval confirm\u00f3 sus aspiraciones a la Presidencia Municipal de Guasave, al formalizar su registro.<\/p>\n\n\n\n<p>\u201cCon el respaldo de mi familia y en equipo, he atendido la Convocatoria que lanz\u00f3 el Comit\u00e9 Ejecutivo Nacional de Morena para registrar mi aspiraci\u00f3n en el proceso interno por la Alcald\u00eda de Guasave. \u00a1Estoy listo! #Guasave\u201d, poste\u00f3 el joven pol\u00edtico.<\/p>\n\n\n\n<p>La pol\u00e9mica en torno a la figura del diputado surgi\u00f3 desde que renunci\u00f3 a la bancada de su partido el PRI en el Congreso del Estado y posteriormente anunciara su apoyo a Claudia Sheinbaum, la coordinadora de defensa de los comit\u00e9s de Morena rumbo a la presidencia de M\u00e9xico.<\/p>\n\n\n\n<p>Por su experiencia adquirida en el Congreso y en otros cargos que ha ostentando en la pol\u00edtica y en lo administrativo , Chano Valle est\u00e1 listo para gobernar Guasave.<\/p>\n\n\n\n<p>Valle Sandoval enfatiz\u00f3 que su aspiraci\u00f3n es muy personal, de ser alcalde del y trabajar en equipo con la doctora Claudia Sheinbaum, \u201cun proyecto en el cual yo estoy sumado para fortalecer en los pr\u00f3ximos a\u00f1os a la cuarta transformaci\u00f3n \u201c, puntualiz\u00f3.<\/p>\n","protected":false},"excerpt":{"rendered":"<p>Hoy que es el \u00faltimo d\u00eda para realizar el tr\u00e1mite en la plataforma nacional de elecciones de Morena, Feliciano Valle Sandoval confirm\u00f3 sus aspiraciones a la Presidencia Municipal de Guasave, al formalizar su registro. \u201cCon el respaldo de mi familia y en equipo, he atendido la Convocatoria que lanz\u00f3 el Comit\u00e9 Ejecutivo Nacional de Morena<\/p>\n","protected":false},"author":6,"featured_media":100881,"comment_status":"closed","ping_status":"closed","sticky":false,"template":"","format":"standard","meta":{"footnotes":""},"categories":[31],"tags":[],"class_list":["post-100878","post","type-post","status-publish","format-standard","has-post-thumbnail","hentry","category-politica"],"_links":{"self":[{"href":"https:\/\/plataformanoticias.mx\/index.php?rest_route=\/wp\/v2\/posts\/100878","targetHints":{"allow":["GET"]}}],"collection":[{"href":"https:\/\/plataformanoticias.mx\/index.php?rest_route=\/wp\/v2\/posts"}],"about":[{"href":"https:\/\/plataformanoticias.mx\/index.php?rest_route=\/wp\/v2\/types\/post"}],"author":[{"embeddable":true,"href":"https:\/\/plataformanoticias.mx\/index.php?rest_route=\/wp\/v2\/users\/6"}],"replies":[{"embeddable":true,"href":"https:\/\/plataformanoticias.mx\/index.php?rest_route=%2Fwp%2Fv2%2Fcomments&post=100878"}],"version-history":[{"count":1,"href":"https:\/\/plataformanoticias.mx\/index.php?rest_route=\/wp\/v2\/posts\/100878\/revisions"}],"predecessor-version":[{"id":100882,"href":"https:\/\/plataformanoticias.mx\/index.php?rest_route=\/wp\/v2\/posts\/100878\/revisions\/100882"}],"wp:featuredmedia":[{"embeddable":true,"href":"https:\/\/plataformanoticias.mx\/index.php?rest_route=\/wp\/v2\/media\/100881"}],"wp:attachment":[{"href":"https:\/\/plataformanoticias.mx\/index.php?rest_route=%2Fwp%2Fv2%2Fmedia&parent=100878"}],"wp:term":[{"taxonomy":"category","embeddable":true,"href":"https:\/\/plataformanoticias.mx\/index.php?rest_route=%2Fwp%2Fv2%2Fcategories&post=100878"},{"taxonomy":"post_tag","embeddable":true,"href":"https:\/\/plataformanoticias.mx\/index.php?rest_route=%2Fwp%2Fv2%2Ftags&post=100878"}],"curies":[{"name":"wp","href":"https:\/\/api.w.org\/{rel}","templated":true}]}}