{"id":100890,"date":"2023-12-06T11:53:57","date_gmt":"2023-12-06T18:53:57","guid":{"rendered":"https:\/\/plataformanoticias.mx\/?p=100890"},"modified":"2023-12-06T11:53:57","modified_gmt":"2023-12-06T18:53:57","slug":"se-une-mario-zamora-a-xochitl-galvez-para-abordar-al-sector-agropecuario-y-de-pesca","status":"publish","type":"post","link":"https:\/\/plataformanoticias.mx\/?p=100890","title":{"rendered":"Se une Mario Zamora a X\u00f3chitl G\u00e1lvez para abordar al Sector Agropecuario y de Pesca"},"content":{"rendered":"\n<p><\/p>\n\n\n\n<p>La precandidata presidencial por el PAN, PRI y PRD, X\u00f3chitl G\u00e1lvez Ruiz, present\u00f3 a su equipo de mesas tem\u00e1ticas integrado por ciudadanas y ciudadanos expertos en \u00e1reas como derechos humanos, seguridad, salud, mujeres, energ\u00eda, desarrollo rural, medio ambiente, cultura, deporte, educaci\u00f3n, asimismo, design\u00f3 al senador sinaloense, Mario Zamora, para abordar el tema del Sector Agropecuario y Pesca.<br>La precandidata de Fuerza y Coraz\u00f3n por M\u00e9xico explic\u00f3 que los responsables de las mesas tem\u00e1ticas cuentan con la capacidad profesional necesaria para este gran reto, \u201cnada de improvisados, aqu\u00ed no hay floreros\u201d, recalc\u00f3.<br>De igual forma, G\u00e1lvez asegur\u00f3 que cuentan con liderazgo empresarial, \u201caqu\u00ed s\u00ed valoramos a quien emprende\u201d. Tienen a\u00f1os de trabajo en pol\u00edtica p\u00fablica: \u201cnada de ocurrencias ni justificando caprichos, pura solidez t\u00e9cnica\u201d.<br>Defendi\u00f3 que su equipo tiene dem\u00f3cratas, respetan a las personas, a las leyes, a las instituciones y las libertades y son mexicanos a los que les exigi\u00f3 cien por ciento de honestidad y cien por ciento de capacidad.<br>\u00bfQui\u00e9nes m\u00e1s participar\u00e1n?<br>En en el \u00e1rea de derechos humanos, Emilio \u00c1lvarez Icaza; Telecomunicaciones, Alexia Michelle Araujo; Desarrollo Rural Sustentable, Silvano Aureoles; Desregulaci\u00f3n, Elsa Ayala G\u00f3mez; M\u00e9xico y su Gobernanza (Federalismo), Pablo Bas\u00e1\u00f1ez; Energ\u00eda: Rosanety Barrios; Justicia, Fernando G\u00f3mez Mont; Turismo, Rosalinda Ben\u00edtez; Relaciones Exteriores y Cooperaci\u00f3n Internacional, Ildefonso Guajardo; y Discapacidad, Isabela Coppel. De igual forma, en la mesa de Medio Ambiente y Cambio Clim\u00e1tico participar\u00e1 Rodolfo Lacy; en Pueblos Ind\u00edgenas y Afromexicanos, Eufrosina Cruz; en Agua, Jos\u00e9 Luis Luege Tamargo; Deporte, Edna Gisel D\u00edaz; Seguridad, Rub\u00e9n Moreira; Experiencia Internacional en la Ni\u00f1ez y Juventud Mexicanas, Ver\u00f3nica Ju\u00e1rez; Gobiernos de Coalici\u00f3n Jes\u00fas Ortega y Derechos de las Mujeres y las Ni\u00f1as, Ang\u00e9lica de la Pe\u00f1a.<br>En Salud, \u00c9ctor Jaime Ram\u00edrez; Cultura, Consuelo S\u00e1izar; Educaci\u00f3n, Ciencia y Tecnolog\u00eda, Juan Carlos Romero Hicks; Innovaci\u00f3n y Ciudades del Futuro, Roberto Remes; Ni\u00f1os, Ni\u00f1as y Adolescentes, Josefina V\u00e1zquez Mota; Infraestructura: Guillerno Ruiz de Teresa; J\u00f3venes, Jimena Villica\u00f1a y Finanzas P\u00fablica Carlos Urz\u00faa,<br>La coordinadora de la mesa de PyMES ser\u00e1 Soraya P\u00e9rez Mungu\u00eda, y el coordinador de la mesa de Vivienda, Jos\u00e9 Luis Romero Hicks.<\/p>\n","protected":false},"excerpt":{"rendered":"<p>La precandidata presidencial por el PAN, PRI y PRD, X\u00f3chitl G\u00e1lvez Ruiz, present\u00f3 a su equipo de mesas tem\u00e1ticas integrado por ciudadanas y ciudadanos expertos en \u00e1reas como derechos humanos, seguridad, salud, mujeres, energ\u00eda, desarrollo rural, medio ambiente, cultura, deporte, educaci\u00f3n, asimismo, design\u00f3 al senador sinaloense, Mario Zamora, para abordar el tema del Sector Agropecuario<\/p>\n","protected":false},"author":6,"featured_media":100892,"comment_status":"closed","ping_status":"closed","sticky":false,"template":"","format":"standard","meta":{"footnotes":""},"categories":[31],"tags":[],"class_list":["post-100890","post","type-post","status-publish","format-standard","has-post-thumbnail","hentry","category-politica"],"_links":{"self":[{"href":"https:\/\/plataformanoticias.mx\/index.php?rest_route=\/wp\/v2\/posts\/100890","targetHints":{"allow":["GET"]}}],"collection":[{"href":"https:\/\/plataformanoticias.mx\/index.php?rest_route=\/wp\/v2\/posts"}],"about":[{"href":"https:\/\/plataformanoticias.mx\/index.php?rest_route=\/wp\/v2\/types\/post"}],"author":[{"embeddable":true,"href":"https:\/\/plataformanoticias.mx\/index.php?rest_route=\/wp\/v2\/users\/6"}],"replies":[{"embeddable":true,"href":"https:\/\/plataformanoticias.mx\/index.php?rest_route=%2Fwp%2Fv2%2Fcomments&post=100890"}],"version-history":[{"count":1,"href":"https:\/\/plataformanoticias.mx\/index.php?rest_route=\/wp\/v2\/posts\/100890\/revisions"}],"predecessor-version":[{"id":100893,"href":"https:\/\/plataformanoticias.mx\/index.php?rest_route=\/wp\/v2\/posts\/100890\/revisions\/100893"}],"wp:featuredmedia":[{"embeddable":true,"href":"https:\/\/plataformanoticias.mx\/index.php?rest_route=\/wp\/v2\/media\/100892"}],"wp:attachment":[{"href":"https:\/\/plataformanoticias.mx\/index.php?rest_route=%2Fwp%2Fv2%2Fmedia&parent=100890"}],"wp:term":[{"taxonomy":"category","embeddable":true,"href":"https:\/\/plataformanoticias.mx\/index.php?rest_route=%2Fwp%2Fv2%2Fcategories&post=100890"},{"taxonomy":"post_tag","embeddable":true,"href":"https:\/\/plataformanoticias.mx\/index.php?rest_route=%2Fwp%2Fv2%2Ftags&post=100890"}],"curies":[{"name":"wp","href":"https:\/\/api.w.org\/{rel}","templated":true}]}}