{"id":100894,"date":"2023-12-06T19:36:50","date_gmt":"2023-12-07T02:36:50","guid":{"rendered":"https:\/\/plataformanoticias.mx\/?p=100894"},"modified":"2023-12-06T19:36:51","modified_gmt":"2023-12-07T02:36:51","slug":"aprehenden-a-expolicias-municipales-de-ahome-por-desaparicion-de-tres-personas","status":"publish","type":"post","link":"https:\/\/plataformanoticias.mx\/?p=100894","title":{"rendered":"Aprehenden a expolic\u00edas municipales de Ahome por desaparici\u00f3n de tres personas"},"content":{"rendered":"\n<p>La Fiscal\u00eda General de Sinaloa logr\u00f3 dicha detenci\u00f3n en colaboraci\u00f3n con la Fiscal\u00eda General del Estado de Sonora.<\/p>\n\n\n\n<p>Dos personas fueron detenidas este martes en Ciudad Obreg\u00f3n, Sonora en cumplimiento a una orden de aprehensi\u00f3n girada en su contra por delito relacionado con la desaparici\u00f3n de tres personas el 21 de Julio del 2015.<\/p>\n\n\n\n<p>Este d\u00eda se llevar\u00e1 a cabo audiencia inicial de la causa penal 43\/2016 para formulaci\u00f3n de imputaci\u00f3n ante el Juez de Control y Enjuiciamiento Penal Zona Norte a las 12 horas contra \u00c1lvaro \u201cM y Silvia \u201cP\u201d, quienes laboraban como elementos de la polic\u00eda municipal de Ahome, al momento de los hechos.<\/p>\n\n\n\n<p>Los indiciados se mantuvieron evadidos de la justicia luego de privar de la libertad a las tres personas, de nombre Marga \u201cM\u201d, David \u201cM\u201d y Alfredo El\u00edas \u201cM\u201d cuyos restos fueron encontrados en una fosa clandestina en 2018.<\/p>\n\n\n\n<p>Cabe se\u00f1alar que esa detenci\u00f3n realizada por esta Fiscal\u00eda General del Estado de Sinaloa, se logr\u00f3 gracias a la colaboraci\u00f3n con la Fiscal\u00eda General del Estado de Sonora.<\/p>\n","protected":false},"excerpt":{"rendered":"<p>La Fiscal\u00eda General de Sinaloa logr\u00f3 dicha detenci\u00f3n en colaboraci\u00f3n con la Fiscal\u00eda General del Estado de Sonora. Dos personas fueron detenidas este martes en Ciudad Obreg\u00f3n, Sonora en cumplimiento a una orden de aprehensi\u00f3n girada en su contra por delito relacionado con la desaparici\u00f3n de tres personas el 21 de Julio del 2015. Este<\/p>\n","protected":false},"author":6,"featured_media":100896,"comment_status":"closed","ping_status":"closed","sticky":false,"template":"","format":"standard","meta":{"footnotes":""},"categories":[38],"tags":[],"class_list":["post-100894","post","type-post","status-publish","format-standard","has-post-thumbnail","hentry","category-locales"],"_links":{"self":[{"href":"https:\/\/plataformanoticias.mx\/index.php?rest_route=\/wp\/v2\/posts\/100894","targetHints":{"allow":["GET"]}}],"collection":[{"href":"https:\/\/plataformanoticias.mx\/index.php?rest_route=\/wp\/v2\/posts"}],"about":[{"href":"https:\/\/plataformanoticias.mx\/index.php?rest_route=\/wp\/v2\/types\/post"}],"author":[{"embeddable":true,"href":"https:\/\/plataformanoticias.mx\/index.php?rest_route=\/wp\/v2\/users\/6"}],"replies":[{"embeddable":true,"href":"https:\/\/plataformanoticias.mx\/index.php?rest_route=%2Fwp%2Fv2%2Fcomments&post=100894"}],"version-history":[{"count":1,"href":"https:\/\/plataformanoticias.mx\/index.php?rest_route=\/wp\/v2\/posts\/100894\/revisions"}],"predecessor-version":[{"id":100897,"href":"https:\/\/plataformanoticias.mx\/index.php?rest_route=\/wp\/v2\/posts\/100894\/revisions\/100897"}],"wp:featuredmedia":[{"embeddable":true,"href":"https:\/\/plataformanoticias.mx\/index.php?rest_route=\/wp\/v2\/media\/100896"}],"wp:attachment":[{"href":"https:\/\/plataformanoticias.mx\/index.php?rest_route=%2Fwp%2Fv2%2Fmedia&parent=100894"}],"wp:term":[{"taxonomy":"category","embeddable":true,"href":"https:\/\/plataformanoticias.mx\/index.php?rest_route=%2Fwp%2Fv2%2Fcategories&post=100894"},{"taxonomy":"post_tag","embeddable":true,"href":"https:\/\/plataformanoticias.mx\/index.php?rest_route=%2Fwp%2Fv2%2Ftags&post=100894"}],"curies":[{"name":"wp","href":"https:\/\/api.w.org\/{rel}","templated":true}]}}