{"id":100898,"date":"2023-12-06T19:44:50","date_gmt":"2023-12-07T02:44:50","guid":{"rendered":"https:\/\/plataformanoticias.mx\/?p=100898"},"modified":"2023-12-06T19:44:50","modified_gmt":"2023-12-07T02:44:50","slug":"sector-salud-entrega-reconocimientos-de-basificacion-y-recodificacion-a-personal","status":"publish","type":"post","link":"https:\/\/plataformanoticias.mx\/?p=100898","title":{"rendered":"Sector Salud entrega reconocimientos de basificaci\u00f3n y recodificaci\u00f3n a personal"},"content":{"rendered":"\n<p>Son m\u00e1s de mil trabajadores los beneficiados por el estado y mil 200 por la federaci\u00f3n<\/p>\n\n\n\n<p>Este mi\u00e9rcoles, en sencilla ceremonia, se entreg\u00f3 al personal de Salud beneficiado con una base o o recodificaci\u00f3n el documento formal que le acredita tal beneficio, esto en cumplimiento al compromiso del gobernador Dr. Rub\u00e9n Rocha Moya de mejorar las condiciones de trabajo y prestaciones de dicho personal.<\/p>\n\n\n\n<p>El secretario de Salud, y director de los Servicios de Salud, Dr. Cuitl\u00e1huac Gonz\u00e1lez Galindo, precis\u00f3 que con hechos y medidas concretas el gobierno del estado est\u00e1 haciendo justicia laboral para el personal del sector Salud de Sinaloa<\/p>\n\n\n\n<figure class=\"wp-block-image size-large\"><img loading=\"lazy\" decoding=\"async\" width=\"1024\" height=\"683\" src=\"https:\/\/plataformanoticias.mx\/wp-content\/uploads\/2023\/12\/28A2B8D8-2697-4BE4-83C5-185CF50E03DB-1024x683.jpeg\" alt=\"\" class=\"wp-image-100900\" srcset=\"https:\/\/plataformanoticias.mx\/wp-content\/uploads\/2023\/12\/28A2B8D8-2697-4BE4-83C5-185CF50E03DB-1024x683.jpeg 1024w, https:\/\/plataformanoticias.mx\/wp-content\/uploads\/2023\/12\/28A2B8D8-2697-4BE4-83C5-185CF50E03DB-300x200.jpeg 300w, https:\/\/plataformanoticias.mx\/wp-content\/uploads\/2023\/12\/28A2B8D8-2697-4BE4-83C5-185CF50E03DB-768x512.jpeg 768w, https:\/\/plataformanoticias.mx\/wp-content\/uploads\/2023\/12\/28A2B8D8-2697-4BE4-83C5-185CF50E03DB-1536x1024.jpeg 1536w, https:\/\/plataformanoticias.mx\/wp-content\/uploads\/2023\/12\/28A2B8D8-2697-4BE4-83C5-185CF50E03DB-2048x1366.jpeg 2048w\" sizes=\"auto, (max-width: 1024px) 100vw, 1024px\" \/><\/figure>\n\n\n\n<p>\u201cCon el prop\u00f3sito de dar estabilidad al personal de la Secretar\u00eda de Salud, con 10 o m\u00e1s a\u00f1os de antig\u00fcedad, porque ahorita nos dec\u00edan 17, el gobierno del Dr Rub\u00e9n Rocha Moya, impulsa desde el 2022, un proceso de basificaci\u00f3n y no solo eso, un proceso de reconocimiento a la labor que realizan ustedes\u201d.<\/p>\n\n\n\n<p>Feliciano Castro Mel\u00e9ndrez, presidente de la Junta de Coordinaci\u00f3n Pol\u00edtica del Congreso del Estado, dijo que gracias a la pol\u00edtica humanista que impulsa el gobernador del Estado, Dr. Rub\u00e9n Rocha Moya, es que desde el Poder Legislativo, se han aprobado las propuestas presupuestales del mandatario estatal precisamente como parte del compromiso que tiene para mejorar las condiciones de trabajo de quienes laboran por mejorar la salud de la poblaci\u00f3n, acto pleno de justicia.<\/p>\n\n\n\n<p>A nombre de los beneficiados, la Doctora Mar\u00eda Antonia Abitia Mart\u00ednez dijo que han recuperado la esperanza luego de padecer indiferencia, falsas promesas e incluso haber sido v\u00edctimas de represi\u00f3n por reclamar el derecho a la estabilidad laboral, se\u00f1alando que, en m\u00e1s de una ocasi\u00f3n, ella en lo personal pero tambi\u00e9n muchos de sus compa\u00f1eros, estuvo a punto de renunciar pero, una sonrisa y el agradecimiento de un paciente atendido, le renovaba los \u00e1nimos de continuar luchando.<\/p>\n","protected":false},"excerpt":{"rendered":"<p>Son m\u00e1s de mil trabajadores los beneficiados por el estado y mil 200 por la federaci\u00f3n Este mi\u00e9rcoles, en sencilla ceremonia, se entreg\u00f3 al personal de Salud beneficiado con una base o o recodificaci\u00f3n el documento formal que le acredita tal beneficio, esto en cumplimiento al compromiso del gobernador Dr. Rub\u00e9n Rocha Moya de mejorar<\/p>\n","protected":false},"author":6,"featured_media":100901,"comment_status":"closed","ping_status":"closed","sticky":false,"template":"","format":"standard","meta":{"footnotes":""},"categories":[28],"tags":[],"class_list":["post-100898","post","type-post","status-publish","format-standard","has-post-thumbnail","hentry","category-centro"],"_links":{"self":[{"href":"https:\/\/plataformanoticias.mx\/index.php?rest_route=\/wp\/v2\/posts\/100898","targetHints":{"allow":["GET"]}}],"collection":[{"href":"https:\/\/plataformanoticias.mx\/index.php?rest_route=\/wp\/v2\/posts"}],"about":[{"href":"https:\/\/plataformanoticias.mx\/index.php?rest_route=\/wp\/v2\/types\/post"}],"author":[{"embeddable":true,"href":"https:\/\/plataformanoticias.mx\/index.php?rest_route=\/wp\/v2\/users\/6"}],"replies":[{"embeddable":true,"href":"https:\/\/plataformanoticias.mx\/index.php?rest_route=%2Fwp%2Fv2%2Fcomments&post=100898"}],"version-history":[{"count":1,"href":"https:\/\/plataformanoticias.mx\/index.php?rest_route=\/wp\/v2\/posts\/100898\/revisions"}],"predecessor-version":[{"id":100902,"href":"https:\/\/plataformanoticias.mx\/index.php?rest_route=\/wp\/v2\/posts\/100898\/revisions\/100902"}],"wp:featuredmedia":[{"embeddable":true,"href":"https:\/\/plataformanoticias.mx\/index.php?rest_route=\/wp\/v2\/media\/100901"}],"wp:attachment":[{"href":"https:\/\/plataformanoticias.mx\/index.php?rest_route=%2Fwp%2Fv2%2Fmedia&parent=100898"}],"wp:term":[{"taxonomy":"category","embeddable":true,"href":"https:\/\/plataformanoticias.mx\/index.php?rest_route=%2Fwp%2Fv2%2Fcategories&post=100898"},{"taxonomy":"post_tag","embeddable":true,"href":"https:\/\/plataformanoticias.mx\/index.php?rest_route=%2Fwp%2Fv2%2Ftags&post=100898"}],"curies":[{"name":"wp","href":"https:\/\/api.w.org\/{rel}","templated":true}]}}