{"id":100903,"date":"2023-12-06T20:40:43","date_gmt":"2023-12-07T03:40:43","guid":{"rendered":"https:\/\/plataformanoticias.mx\/?p=100903"},"modified":"2023-12-06T20:40:43","modified_gmt":"2023-12-07T03:40:43","slug":"pan-pri-prd-y-pas-inician-trabajos-para-la-construccion-de-una-coalicion-ganadora-en-sinaloa","status":"publish","type":"post","link":"https:\/\/plataformanoticias.mx\/?p=100903","title":{"rendered":"PAN, PRI, PRD y PAS, inician trabajos para la construcci\u00f3n de una coalici\u00f3n ganadora en Sinaloa."},"content":{"rendered":"\n<p>Las dirigencias estatales en Sinaloa de los Partidos Acci\u00f3n Nacional, Revolucionario, Institucional, de la Revoluci\u00f3n Democr\u00e1tica y Sinaloense, encabezadas de manera respectiva por Roxana Rubio Valdez, Paola Iveth G\u00e1rate Valenzuela, Oner Gonzalo Lazcano L\u00f3pez y H\u00e9ctor Melesio Cu\u00e9n Ojeda, acompa\u00f1ados de los titulares de las \u00e1reas jur\u00eddicas y de representaciones ante los \u00f3rganos electorales en el Estado, iniciaron reuniones preparatorias en la b\u00fasqueda y construcci\u00f3n de una coalici\u00f3n total, de cara al proceso electoral local 2023-2024.<\/p>\n\n\n\n<p>Las dirigencias partidistas fueron coincidentes en la necesidad de construir una alianza electoral que se caracterice por ser rentable y abanderar congruentemente todas las causas y demandas de la sociedad civil.<\/p>\n\n\n\n<p>Esta reuni\u00f3n marca el punto de partida para la integraci\u00f3n de diversas mesas tem\u00e1ticas, dentro de las cuales habr\u00e1n de analizarse y discutirse todos los aspectos de naturaleza estrat\u00e9gica que garanticen la postulaci\u00f3n adecuada de candidaturas, en un contexto de unidad, fortaleza y sinergia.<\/p>\n\n\n\n<p>Parte importante de todo proceso es el debido apego a la legalidad, el respeto necesario a los principios constitucionales, y desde esa premisa acordaron sumar esfuerzos para llevar a X\u00f3chitl G\u00e1lvez a la obtenci\u00f3n de un triunfo electoral contundente en 2024.<\/p>\n","protected":false},"excerpt":{"rendered":"<p>Las dirigencias estatales en Sinaloa de los Partidos Acci\u00f3n Nacional, Revolucionario, Institucional, de la Revoluci\u00f3n Democr\u00e1tica y Sinaloense, encabezadas de manera respectiva por Roxana Rubio Valdez, Paola Iveth G\u00e1rate Valenzuela, Oner Gonzalo Lazcano L\u00f3pez y H\u00e9ctor Melesio Cu\u00e9n Ojeda, acompa\u00f1ados de los titulares de las \u00e1reas jur\u00eddicas y de representaciones ante los \u00f3rganos electorales en<\/p>\n","protected":false},"author":6,"featured_media":100905,"comment_status":"closed","ping_status":"closed","sticky":false,"template":"","format":"standard","meta":{"footnotes":""},"categories":[31],"tags":[],"class_list":["post-100903","post","type-post","status-publish","format-standard","has-post-thumbnail","hentry","category-politica"],"_links":{"self":[{"href":"https:\/\/plataformanoticias.mx\/index.php?rest_route=\/wp\/v2\/posts\/100903","targetHints":{"allow":["GET"]}}],"collection":[{"href":"https:\/\/plataformanoticias.mx\/index.php?rest_route=\/wp\/v2\/posts"}],"about":[{"href":"https:\/\/plataformanoticias.mx\/index.php?rest_route=\/wp\/v2\/types\/post"}],"author":[{"embeddable":true,"href":"https:\/\/plataformanoticias.mx\/index.php?rest_route=\/wp\/v2\/users\/6"}],"replies":[{"embeddable":true,"href":"https:\/\/plataformanoticias.mx\/index.php?rest_route=%2Fwp%2Fv2%2Fcomments&post=100903"}],"version-history":[{"count":1,"href":"https:\/\/plataformanoticias.mx\/index.php?rest_route=\/wp\/v2\/posts\/100903\/revisions"}],"predecessor-version":[{"id":100906,"href":"https:\/\/plataformanoticias.mx\/index.php?rest_route=\/wp\/v2\/posts\/100903\/revisions\/100906"}],"wp:featuredmedia":[{"embeddable":true,"href":"https:\/\/plataformanoticias.mx\/index.php?rest_route=\/wp\/v2\/media\/100905"}],"wp:attachment":[{"href":"https:\/\/plataformanoticias.mx\/index.php?rest_route=%2Fwp%2Fv2%2Fmedia&parent=100903"}],"wp:term":[{"taxonomy":"category","embeddable":true,"href":"https:\/\/plataformanoticias.mx\/index.php?rest_route=%2Fwp%2Fv2%2Fcategories&post=100903"},{"taxonomy":"post_tag","embeddable":true,"href":"https:\/\/plataformanoticias.mx\/index.php?rest_route=%2Fwp%2Fv2%2Ftags&post=100903"}],"curies":[{"name":"wp","href":"https:\/\/api.w.org\/{rel}","templated":true}]}}