{"id":100912,"date":"2023-12-07T06:34:36","date_gmt":"2023-12-07T13:34:36","guid":{"rendered":"https:\/\/plataformanoticias.mx\/?p=100912"},"modified":"2023-12-07T06:34:37","modified_gmt":"2023-12-07T13:34:37","slug":"monica-lavin-y-mario-alberto-bojorquez-reciben-el-premio-nacional-letras-de-sinaloa","status":"publish","type":"post","link":"https:\/\/plataformanoticias.mx\/?p=100912","title":{"rendered":"M\u00f3nica Lav\u00edn y Mario Alberto Boj\u00f3rquez reciben el Premio Nacional Letras de Sinaloa"},"content":{"rendered":"\n<p><\/p>\n\n\n\n<p><strong>*\u00a0Por esta primera ocasi\u00f3n decidieron otorgar el galard\u00f3n en forma compartida por unanimidad\u00a0con un premio de 50 mil pesos cada uno y un reconocimiento\u00a0<\/strong><\/p>\n\n\n\n<figure class=\"wp-block-image size-large\"><img loading=\"lazy\" decoding=\"async\" width=\"1024\" height=\"723\" src=\"https:\/\/plataformanoticias.mx\/wp-content\/uploads\/2023\/12\/be7b41b7-5432-42e6-9e00-b0c6236ec830-1024x723.jpeg\" alt=\"\" class=\"wp-image-100914\" srcset=\"https:\/\/plataformanoticias.mx\/wp-content\/uploads\/2023\/12\/be7b41b7-5432-42e6-9e00-b0c6236ec830-1024x723.jpeg 1024w, https:\/\/plataformanoticias.mx\/wp-content\/uploads\/2023\/12\/be7b41b7-5432-42e6-9e00-b0c6236ec830-300x212.jpeg 300w, https:\/\/plataformanoticias.mx\/wp-content\/uploads\/2023\/12\/be7b41b7-5432-42e6-9e00-b0c6236ec830-768x542.jpeg 768w, https:\/\/plataformanoticias.mx\/wp-content\/uploads\/2023\/12\/be7b41b7-5432-42e6-9e00-b0c6236ec830-1536x1084.jpeg 1536w, https:\/\/plataformanoticias.mx\/wp-content\/uploads\/2023\/12\/be7b41b7-5432-42e6-9e00-b0c6236ec830.jpeg 1600w\" sizes=\"auto, (max-width: 1024px) 100vw, 1024px\" \/><\/figure>\n\n\n\n<p>Por la calidad de su obra y la riqueza de su trayectoria literaria,&nbsp;el rigor de su propuesta, as\u00ed como el alcance que tienen sus libros entre las y los lectores de todas las generaciones, y la recepci\u00f3n cr\u00edtica de los mismos,&nbsp;esta noche la escritora M\u00f3nica Lav\u00edn y el poeta Mario Boj\u00f3rquez recibieron el Premio Nacional Letras de Sinaloa en su edici\u00f3n d\u00e9cimo quinta en el marco de la edici\u00f3n 22 de la Feria Internacional del Libro Los Mochis 2023, m\u00e1ximo&nbsp;galard\u00f3n&nbsp;a la literatura que entrega el Estado de Sinaloa a trav\u00e9s del Instituto Sinaloense de Cultura.<\/p>\n\n\n\n<p>La emotiva ceremonia tuvo lugar en la sala de di\u00e1logo del Centro de Innovaci\u00f3n y Educaci\u00f3n donde los ganadores recibieron su reconocimiento y un cheque simb\u00f3lico de 50 mil pesos cada uno de manos de la Directora del Instituto Municipal de Arte y Cultura, Gladis Aid\u00e9 Gast\u00e9lum Barreras y el Director General del Instituto Sinaloense de Cultura, Juan Salvador Avil\u00e9s.<\/p>\n\n\n\n<p>La Directora&nbsp;de Literatura del ISIC, Ernestina Yepiz dio lectura al&nbsp;acta del jurado, integrado por Cristina Razc\u00f3n, Rogelio Guedea y Sandra Lorenzano,&nbsp;que por esta primera ocasi\u00f3n decidieron otorgar el galard\u00f3n en forma compartidapor unanimidad.<\/p>\n\n\n\n<p>\u201cLa literatura de M\u00f3nica Lav\u00edn es ya un referente de la narrativa mexicana contempor\u00e1nea, tanto en nuestro pa\u00eds como a nivel internacional; se ha destacado fundamentalmente, como cuentista, siendo tambi\u00e9n autora reconocida en el g\u00e9nero de novela\u201d, dicta el acta del jurado.<\/p>\n\n\n\n<p>Referente a&nbsp;Mario Alberto Boj\u00f3rquez,&nbsp;el acta certifica que&nbsp;es autor de una obra po\u00e9tica de gran envergadura, que igual abreva en la tradici\u00f3n cl\u00e1sica de la poes\u00eda de nuestra lengua que en obras de vanguardia de otras literaturas del mundo.<\/p>\n\n\n\n<p>En su mensaje la Directora General del IMAC, a nombre del Alcalde Ahomense Gerardo Vargas Landeros,&nbsp;se&nbsp;dijo&nbsp;muy emocionada por&nbsp;tener la oportunidad de ser parte de esta emotiva ceremonia que premia a dos grandes escritores por la calidad de su obra y la riqueza de su trayectoria literaria.<\/p>\n\n\n\n<p>\u201cNo me queda m\u00e1s que felicitar a los ganadores, y muy especialmente a quienes hacen que estos premios a la literatura sucedan, al Gobernador Rub\u00e9n Rocha Moya, que a trav\u00e9s del Instituto Sinaloense de Cultura lo hace posible, convirti\u00e9ndose as\u00ed en la cereza del pastel de esta magna Feria del Libro que a\u00f1o con a\u00f1o todos los ahomenses saboreamos letra por letra\u201d, dijo.<\/p>\n\n\n\n<p>El Director General del ISIC, en representaci\u00f3n del Gobernador del Estado, Rub\u00e9n Rocha Moya, reconoci\u00f3 el labor que las instituciones y organizaciones siguen haciendo para que esta Feria del Libro siga creciendo. Reconoci\u00f3 que ha sido una de las t\u00f3nicas del gobernador, la descentralizaci\u00f3n cultural, art\u00edstica hacia todas las regiones,y&nbsp;el apoyo del ayuntamiento de Ahome&nbsp;les&nbsp;ha dado para estas y otras acciones en el norte de Sinaloa.&nbsp;Y reiter\u00f3 que&nbsp;Sinaloa es uno de los estados que m\u00e1s premios otorga a sus creadores.<\/p>\n\n\n\n<p>\u201cM\u00f3nica Lav\u00edn y Mario Boj\u00f3rquez son dos amigos de Sinaloa, del ISIC, de la Feria del Libro de Los Mochis y con ra\u00edces afectivas en Los Mochis. Los felicit\u00f3 a los dos y reiter\u00f3&nbsp;el objetivo del Gobernador de hacer de la cultura un elemento que permita hacer comunidad y permita lograr los sue\u00f1os de poetas, y no poetas, para que podamos tener lugar que nos siga sirviendo de fuente de inspiraci\u00f3n y un lugar que nos permita cada vez vivir mejor\u201d culmin\u00f3.&nbsp;<\/p>\n\n\n\n<p>Los galardonados agradecieron cada uno en su momento&nbsp;con&nbsp;un&nbsp;emotivo discurso&nbsp;este premio que viene a motivarlos en su creaci\u00f3n literaria.&nbsp;<\/p>\n\n\n\n<p>M\u00f3nica Lav\u00edn dijo que es un momento muy feliz, es un momento muy significativo para quienes han dedicado a\u00f1os a la escritura.&nbsp;<\/p>\n\n\n\n<p>\u201cMe honran quienes anteriormente han sido distinguidos con este premio. Me halaga en ser la tercera mujer en recibirlo. Agradezco al jurado, a los lectores que con su complicidad y afecto han dado sentido a las propuestas de mi escritura y a los editores sin cuya puesta, sensibilidad y profesi\u00f3n, los libros no ser\u00edan esos puentes entre el autor y el lector, y desde luego a la Feria del Libro Los Mochis. As\u00ed como a quienes siempre me han acompa\u00f1ado mi vida desde al amor y el&nbsp;reconocimiento\u201d dijo.&nbsp;<\/p>\n\n\n\n<p>Mario Boj\u00f3rquez&nbsp;extern\u00f3 \u201cvengo aqu\u00ed a recibir la amable distinci\u00f3n que se hace a mi obra todav\u00eda construy\u00e9ndose, no vengo a resumir una vida dedicada vocacionalmente a la poes\u00eda que se allega a su fin, al&nbsp;contrario,&nbsp;siento que algo de mi trabajo apenas se madura, se encuentra \u201cpoposagui\u201d, as\u00ed lo siento. Entre este homenaje gentil que se levanta en mi ciudad, mi ciudad natal para la obra de grandes autores de mi naci\u00f3n, que se corresponda con lo que voy construyendo, es motivo de humilde orgullo intimo y un aliciente de proporciones gigantescas para su posible futuro\u201d, culmin\u00f3.<\/p>\n","protected":false},"excerpt":{"rendered":"<p>*\u00a0Por esta primera ocasi\u00f3n decidieron otorgar el galard\u00f3n en forma compartida por unanimidad\u00a0con un premio de 50 mil pesos cada uno y un reconocimiento\u00a0 Por la calidad de su obra y la riqueza de su trayectoria literaria,&nbsp;el rigor de su propuesta, as\u00ed como el alcance que tienen sus libros entre las y los lectores de<\/p>\n","protected":false},"author":6,"featured_media":100915,"comment_status":"closed","ping_status":"closed","sticky":false,"template":"","format":"standard","meta":{"footnotes":""},"categories":[38],"tags":[],"class_list":["post-100912","post","type-post","status-publish","format-standard","has-post-thumbnail","hentry","category-locales"],"_links":{"self":[{"href":"https:\/\/plataformanoticias.mx\/index.php?rest_route=\/wp\/v2\/posts\/100912","targetHints":{"allow":["GET"]}}],"collection":[{"href":"https:\/\/plataformanoticias.mx\/index.php?rest_route=\/wp\/v2\/posts"}],"about":[{"href":"https:\/\/plataformanoticias.mx\/index.php?rest_route=\/wp\/v2\/types\/post"}],"author":[{"embeddable":true,"href":"https:\/\/plataformanoticias.mx\/index.php?rest_route=\/wp\/v2\/users\/6"}],"replies":[{"embeddable":true,"href":"https:\/\/plataformanoticias.mx\/index.php?rest_route=%2Fwp%2Fv2%2Fcomments&post=100912"}],"version-history":[{"count":1,"href":"https:\/\/plataformanoticias.mx\/index.php?rest_route=\/wp\/v2\/posts\/100912\/revisions"}],"predecessor-version":[{"id":100916,"href":"https:\/\/plataformanoticias.mx\/index.php?rest_route=\/wp\/v2\/posts\/100912\/revisions\/100916"}],"wp:featuredmedia":[{"embeddable":true,"href":"https:\/\/plataformanoticias.mx\/index.php?rest_route=\/wp\/v2\/media\/100915"}],"wp:attachment":[{"href":"https:\/\/plataformanoticias.mx\/index.php?rest_route=%2Fwp%2Fv2%2Fmedia&parent=100912"}],"wp:term":[{"taxonomy":"category","embeddable":true,"href":"https:\/\/plataformanoticias.mx\/index.php?rest_route=%2Fwp%2Fv2%2Fcategories&post=100912"},{"taxonomy":"post_tag","embeddable":true,"href":"https:\/\/plataformanoticias.mx\/index.php?rest_route=%2Fwp%2Fv2%2Ftags&post=100912"}],"curies":[{"name":"wp","href":"https:\/\/api.w.org\/{rel}","templated":true}]}}