{"id":100917,"date":"2023-12-07T06:36:17","date_gmt":"2023-12-07T13:36:17","guid":{"rendered":"https:\/\/plataformanoticias.mx\/?p=100917"},"modified":"2023-12-07T06:36:17","modified_gmt":"2023-12-07T13:36:17","slug":"turismo-municipal-convoca-a-la-comunidad-maritima-al-desfile-nautico-navideno","status":"publish","type":"post","link":"https:\/\/plataformanoticias.mx\/?p=100917","title":{"rendered":"Turismo Municipal convoca a la Comunidad Mar\u00edtima al Desfile N\u00e1utico Navide\u00f1o"},"content":{"rendered":"\n<p><\/p>\n\n\n\n<p><em>*El show de luces se llevar\u00e1 a cabo el d\u00eda domingo 17 de diciembre en el puerto de Topolobampo en punto de las 6:00 p.m.<\/em><\/p>\n\n\n\n<p><em><strong>Los Mochis, Ahome, Sinaloa<\/strong>.-<\/em> Con la finalidad de llenar Topolobampo de brillo esta \u00e9poca navide\u00f1a y seguir posicionando el Puerto en el mapa internacional, volver\u00e1 el Desfile N\u00e1utico Navide\u00f1o a la Bah\u00eda despu\u00e9s de a\u00f1os.<\/p>\n\n\n\n<p>Se llevar\u00e1 a cabo el domingo 17 de diciembre a las 6:00 p.m. y la invitaci\u00f3n es para toda la Comunidad Mar\u00edtima a sumarse a este espect\u00e1culo, el cu\u00e1l se est\u00e1 preparando en coordinaci\u00f3n con la Sindicatura de Topolobampo.<\/p>\n\n\n\n<p>\u201cPor lo tanto estamos haciendo el llamado a todas las embarcaciones grandes y embarcaciones menores a participar y sumarse en este gran desfile, queremos presentar un espect\u00e1culo digno de los Ahomenses, digno del puerto de Topolobampo\u201d expres\u00f3 Ver\u00f3nica Medel Arce, Directora de Turismo Municipal.<\/p>\n\n\n\n<p>Agreg\u00f3 que con este tipo de eventos se busca marcar un precedente en el municipio y que sean las fotos y videos de Topolobampo que le den la vuelta al mundo.<\/p>\n\n\n\n<p>El Desfile Navide\u00f1o se encuentra dentro del programa de actividades para los 1,600 turistas que arribaran al municipio en el crucero Volendam de la naviera Holland America.<\/p>\n","protected":false},"excerpt":{"rendered":"<p>*El show de luces se llevar\u00e1 a cabo el d\u00eda domingo 17 de diciembre en el puerto de Topolobampo en punto de las 6:00 p.m. Los Mochis, Ahome, Sinaloa.- Con la finalidad de llenar Topolobampo de brillo esta \u00e9poca navide\u00f1a y seguir posicionando el Puerto en el mapa internacional, volver\u00e1 el Desfile N\u00e1utico Navide\u00f1o a<\/p>\n","protected":false},"author":6,"featured_media":100919,"comment_status":"closed","ping_status":"closed","sticky":false,"template":"","format":"standard","meta":{"footnotes":""},"categories":[38],"tags":[],"class_list":["post-100917","post","type-post","status-publish","format-standard","has-post-thumbnail","hentry","category-locales"],"_links":{"self":[{"href":"https:\/\/plataformanoticias.mx\/index.php?rest_route=\/wp\/v2\/posts\/100917","targetHints":{"allow":["GET"]}}],"collection":[{"href":"https:\/\/plataformanoticias.mx\/index.php?rest_route=\/wp\/v2\/posts"}],"about":[{"href":"https:\/\/plataformanoticias.mx\/index.php?rest_route=\/wp\/v2\/types\/post"}],"author":[{"embeddable":true,"href":"https:\/\/plataformanoticias.mx\/index.php?rest_route=\/wp\/v2\/users\/6"}],"replies":[{"embeddable":true,"href":"https:\/\/plataformanoticias.mx\/index.php?rest_route=%2Fwp%2Fv2%2Fcomments&post=100917"}],"version-history":[{"count":1,"href":"https:\/\/plataformanoticias.mx\/index.php?rest_route=\/wp\/v2\/posts\/100917\/revisions"}],"predecessor-version":[{"id":100920,"href":"https:\/\/plataformanoticias.mx\/index.php?rest_route=\/wp\/v2\/posts\/100917\/revisions\/100920"}],"wp:featuredmedia":[{"embeddable":true,"href":"https:\/\/plataformanoticias.mx\/index.php?rest_route=\/wp\/v2\/media\/100919"}],"wp:attachment":[{"href":"https:\/\/plataformanoticias.mx\/index.php?rest_route=%2Fwp%2Fv2%2Fmedia&parent=100917"}],"wp:term":[{"taxonomy":"category","embeddable":true,"href":"https:\/\/plataformanoticias.mx\/index.php?rest_route=%2Fwp%2Fv2%2Fcategories&post=100917"},{"taxonomy":"post_tag","embeddable":true,"href":"https:\/\/plataformanoticias.mx\/index.php?rest_route=%2Fwp%2Fv2%2Ftags&post=100917"}],"curies":[{"name":"wp","href":"https:\/\/api.w.org\/{rel}","templated":true}]}}