{"id":100921,"date":"2023-12-07T06:44:45","date_gmt":"2023-12-07T13:44:45","guid":{"rendered":"https:\/\/plataformanoticias.mx\/?p=100921"},"modified":"2023-12-07T07:54:07","modified_gmt":"2023-12-07T14:54:07","slug":"martin-ahumada-quintero-si-quiere-seguir-gobernando-guasave-se-registra-en-morena-en-el-ultimo-minuto","status":"publish","type":"post","link":"https:\/\/plataformanoticias.mx\/?p=100921","title":{"rendered":"Mart\u00edn Ahumada Quintero, s\u00ed quiere seguir gobernando Guasave \u00a1se registra en Morena en el \u00faltimo minuto!"},"content":{"rendered":"\n<figure class=\"wp-block-image size-full\"><img loading=\"lazy\" decoding=\"async\" width=\"473\" height=\"1024\" src=\"https:\/\/plataformanoticias.mx\/wp-content\/uploads\/2023\/12\/e4e7314d-75ca-4375-9dfe-82f99b106578.jpeg\" alt=\"\" class=\"wp-image-100923\" srcset=\"https:\/\/plataformanoticias.mx\/wp-content\/uploads\/2023\/12\/e4e7314d-75ca-4375-9dfe-82f99b106578.jpeg 473w, https:\/\/plataformanoticias.mx\/wp-content\/uploads\/2023\/12\/e4e7314d-75ca-4375-9dfe-82f99b106578-139x300.jpeg 139w\" sizes=\"auto, (max-width: 473px) 100vw, 473px\" \/><\/figure>\n\n\n\n<p><strong>Guasave, Sinaloa<\/strong>.- Mart\u00edn Ahumada Quintero se decidi\u00f3 de \u00faltima hora y procedi\u00f3 a realizar el tr\u00e1mite correspondiente ante la Comisi\u00f3n Nacional de Elecciones de Morena, buscando su reelecci\u00f3n en la alcald\u00eda de Guasave.<\/p>\n\n\n\n<p>Dias previos Ahumada Quintero puso en duda sus aspiraciones de seguir en la presidencia municipal por tres a\u00f1os m\u00e1s, incluso se auto descart\u00f3.<\/p>\n\n\n\n<p>Sin embargo, su decisi\u00f3n cambi\u00f3 y ya tiene la constancia de registro para la precandidatura.<\/p>\n\n\n\n<p>Su proyecto es darle continuidad al plan de trabajo que ha realizado en los dos \u00faltimos a\u00f1os con responsabilidad y transparencia, asegura.<\/p>\n\n\n\n<p>con informaci\u00f3n de Hayde Verduzco <\/p>\n","protected":false},"excerpt":{"rendered":"<p>Guasave, Sinaloa.- Mart\u00edn Ahumada Quintero se decidi\u00f3 de \u00faltima hora y procedi\u00f3 a realizar el tr\u00e1mite correspondiente ante la Comisi\u00f3n Nacional de Elecciones de Morena, buscando su reelecci\u00f3n en la alcald\u00eda de Guasave. Dias previos Ahumada Quintero puso en duda sus aspiraciones de seguir en la presidencia municipal por tres a\u00f1os m\u00e1s, incluso se auto<\/p>\n","protected":false},"author":6,"featured_media":100925,"comment_status":"closed","ping_status":"closed","sticky":false,"template":"","format":"standard","meta":{"footnotes":""},"categories":[31],"tags":[],"class_list":["post-100921","post","type-post","status-publish","format-standard","has-post-thumbnail","hentry","category-politica"],"_links":{"self":[{"href":"https:\/\/plataformanoticias.mx\/index.php?rest_route=\/wp\/v2\/posts\/100921","targetHints":{"allow":["GET"]}}],"collection":[{"href":"https:\/\/plataformanoticias.mx\/index.php?rest_route=\/wp\/v2\/posts"}],"about":[{"href":"https:\/\/plataformanoticias.mx\/index.php?rest_route=\/wp\/v2\/types\/post"}],"author":[{"embeddable":true,"href":"https:\/\/plataformanoticias.mx\/index.php?rest_route=\/wp\/v2\/users\/6"}],"replies":[{"embeddable":true,"href":"https:\/\/plataformanoticias.mx\/index.php?rest_route=%2Fwp%2Fv2%2Fcomments&post=100921"}],"version-history":[{"count":1,"href":"https:\/\/plataformanoticias.mx\/index.php?rest_route=\/wp\/v2\/posts\/100921\/revisions"}],"predecessor-version":[{"id":100924,"href":"https:\/\/plataformanoticias.mx\/index.php?rest_route=\/wp\/v2\/posts\/100921\/revisions\/100924"}],"wp:featuredmedia":[{"embeddable":true,"href":"https:\/\/plataformanoticias.mx\/index.php?rest_route=\/wp\/v2\/media\/100925"}],"wp:attachment":[{"href":"https:\/\/plataformanoticias.mx\/index.php?rest_route=%2Fwp%2Fv2%2Fmedia&parent=100921"}],"wp:term":[{"taxonomy":"category","embeddable":true,"href":"https:\/\/plataformanoticias.mx\/index.php?rest_route=%2Fwp%2Fv2%2Fcategories&post=100921"},{"taxonomy":"post_tag","embeddable":true,"href":"https:\/\/plataformanoticias.mx\/index.php?rest_route=%2Fwp%2Fv2%2Ftags&post=100921"}],"curies":[{"name":"wp","href":"https:\/\/api.w.org\/{rel}","templated":true}]}}