{"id":100931,"date":"2023-12-07T15:26:14","date_gmt":"2023-12-07T22:26:14","guid":{"rendered":"https:\/\/plataformanoticias.mx\/?p=100931"},"modified":"2023-12-07T15:26:15","modified_gmt":"2023-12-07T22:26:15","slug":"ahome-avanza-a-nivel-nacional-en-temas-de-campo-limpio","status":"publish","type":"post","link":"https:\/\/plataformanoticias.mx\/?p=100931","title":{"rendered":"Ahome avanza a nivel nacional en temas de Campo Limpio."},"content":{"rendered":"\n<p><strong><em>El Presidente Municipal, Gerardo Octavio Vargas Landeros, recibi\u00f3\u00a0<\/em><\/strong><strong><em>a<\/em><\/strong><strong><em>l<\/em><\/strong><strong><em>\u00a0sector productivo y\u00a0<\/em><\/strong><strong><em>en conjunto<\/em><\/strong><strong><em>delinearon estrategias para atender dicho programa que busca la recolecci\u00f3n de\u00a0<\/em><\/strong><strong><em>recipientes de\u00a0<\/em><\/strong><strong><em>agroqu\u00edmicos\u00a0<\/em><\/strong><strong><em>vac\u00edos<\/em><\/strong><strong><em>\u2026<\/em><\/strong><\/p>\n\n\n\n<p>Con\u00a0el\u00a0objetivo de conjuntar esfuerzos para contribuir a una agricultura sustentable y un medio ambiente sano en el municipio de Ahome, se llev\u00f3 cabo\u00a0la tercera\u00a0reuni\u00f3n para dar seguimiento al programa\u00a0\u201cCampo Limpio\u201d, en la que participaron autoridades de este municipio,\u00a0de\u00a0El Fuerte,\u00a0m\u00f3dulos de riego, juntas locales de sanidad vegetal, empresas de agroqu\u00edmicos\u00a0y\u00a0comit\u00e9s\u00a0campesinos.<\/p>\n\n\n\n<p>El encuentro&nbsp;fue encabezada por el Presidente Municipal de Ahome, C. Gerardo Octavio Vargas Landeros, quien fue acompa\u00f1ado en el&nbsp;presidium&nbsp;por el&nbsp;suboficial C\u00e9sar Hern\u00e1ndez&nbsp;Hern\u00e1ndez, coordinador suplente del Mayor Sixto Mart\u00ednez, de la Guardia Nacional;&nbsp;C\u00e9sar Enrique Galaviz Lugo, Presidente de AARFS;&nbsp;Ana Rosa&nbsp;Pacheco,&nbsp;Jefa del Departamento de Desarrollo&nbsp;Urbano y Ecolog\u00eda,&nbsp;quien acudi\u00f3 en representaci\u00f3n del Alcalde de El Fuerte, Gildardo Leyva; V\u00edctor Manuel Celaya del Toro, Director General de AMOCALI;&nbsp;Juan Fernando Montoya Chichillas, Presidente de la Red Mayor del Valle del Fuerte;&nbsp;Mario Mart\u00ednez Montiel, Presidente de la Red Mayor del Valle del Carrizo;&nbsp;Odman&nbsp;Burgos Delgado, Director de Medio Ambiente y Desarrollo Urbano.<\/p>\n\n\n\n<p>El Alcalde de Ahome&nbsp;subray\u00f3 que se tiene que cuidar el campo, ya que es el sustento y&nbsp;actividad primaria&nbsp;del municipio y del Estado,&nbsp;adem\u00e1s de que&nbsp;las nuevas generaciones tiene derecho a recibir mundo sano y limpio.<\/p>\n\n\n\n<p>En cuanto a los acuerdos a los que se llegaron,&nbsp;el Presidente Gerardo Vargas Landeros dijo que se tienen que hacer esfuerzos en conjunto para atender las principales problem\u00e1ticas, entre ellas la recuperaci\u00f3n&nbsp;de estos recipientes, donde una de las principales acciones es la instalaci\u00f3n de aproximadamente 100 contenedores.<\/p>\n\n\n\n<p>\u201cVamos haciendo&nbsp;un esfuerzo&nbsp;para hacer esta inversi\u00f3n,&nbsp;para&nbsp;concientizar, porque ah\u00ed forma parte&nbsp;del resultado,&nbsp;hay que ser triple lavado, tomo en consideraci\u00f3n lo que me est\u00e1n solicitando,&nbsp;y ahorita volte\u00e9 a ver al Secretario de Seguridad P\u00fablica,&nbsp;y conoci\u00e9ndolo,&nbsp;estoy seguro que ya est\u00e1 dando la orden,&nbsp;de que se intensifiquen las visitas a los centros de acopio del&nbsp;Carrizo\u201d, manifest\u00f3 Vargas Landeros.<\/p>\n\n\n\n<p>El mun\u00edcipe&nbsp;dijo que est\u00e1 en la mejor disposici\u00f3n, por lo que&nbsp;exhort\u00f3 a los presentes a trabajar unidos y sacar adelante este tipo de programas&nbsp;para&nbsp;evitar que los campos se enfermen.<\/p>\n\n\n\n<p>Por su parte&nbsp;C\u00e9sar Enrique Galaviz Lugo, Presidente de AARFS,&nbsp;destac\u00f3 que este es un paso muy importante&nbsp;para que los productores&nbsp;tengan donde depositar estos recipientes vac\u00edos,&nbsp;pero&nbsp;reconoci\u00f3 que es una tarea de todos los actores involucrados, por lo que los invit\u00f3 a sumarse&nbsp;a los acuerdos.<\/p>\n\n\n\n<p>El organismo agr\u00edcola explic\u00f3 que hacen falta&nbsp;aproximadamente&nbsp;100 contenedores&nbsp;primarios, lo que facilitar\u00eda&nbsp;la entrega de&nbsp;envases&nbsp;y su posterior traslado al centro de acopio temporal.<\/p>\n\n\n\n<p>V\u00edctor Manuel Celaya del Toro, Director General de&nbsp;Amor al Campo Limpio (AMOCALI), explic\u00f3 que el programa \u201cCampo Limpio\u201d&nbsp;busca darle un&nbsp;destino&nbsp;final adecuado&nbsp;a los embaces vac\u00edos que contuvieron&nbsp;en su momento&nbsp;fitosanitarios.&nbsp;<\/p>\n\n\n\n<p>Detall\u00f3 que el 50% del volumen que reciben&nbsp;de estos embaces,&nbsp;por parte de los&nbsp;agricultores, se puede reciclar, mientras que una cuarta parte se lleva a los hornos cementeros&nbsp;para el proceso de dicho&nbsp;material, mientras que otra cuarta parte&nbsp;se tiene que incinerar de manera controlada, de lo cual se encarga AMOCALI&nbsp;una vez que&nbsp;estos contenedores ya han sido compactados o molidos en los diferentes centros de acopio que hay en todo el pa\u00eds.<\/p>\n\n\n\n<p>Agreg\u00f3 que en M\u00e9xico, durante el a\u00f1o 2022, se comercializaron 7 mil 142 toneladas de embaces&nbsp;de fitosanitarios, y \u00fanicamente se logr\u00f3 recuperar el 26%, y en el caso de&nbsp;Sinaloa, en el mismo periodo, se comercializaron &nbsp;462 toneladas, con una recuperaci\u00f3n de 348, lo que equivale al&nbsp;75%, equipar\u00e1ndolo a un nivel de desempe\u00f1o de pa\u00edses como Espa\u00f1a, Francia, Canad\u00e1 y Colombia, quienes son lideres mundiales, s\u00f3lo debajo de Brasil, quien tiene una recuperaci\u00f3n del&nbsp;94%, acciones que ya se trabajan y Sinaloa y Los Mochis son un ejemplo&nbsp;de c\u00f3mo hacerlo, toda vez que es&nbsp;de los pocos municipios en el pa\u00eds que tiene un reglamento municipal en el que se implementa el Programa Campo Limpio.<\/p>\n","protected":false},"excerpt":{"rendered":"<p>El Presidente Municipal, Gerardo Octavio Vargas Landeros, recibi\u00f3\u00a0al\u00a0sector productivo y\u00a0en conjuntodelinearon estrategias para atender dicho programa que busca la recolecci\u00f3n de\u00a0recipientes de\u00a0agroqu\u00edmicos\u00a0vac\u00edos\u2026 Con\u00a0el\u00a0objetivo de conjuntar esfuerzos para contribuir a una agricultura sustentable y un medio ambiente sano en el municipio de Ahome, se llev\u00f3 cabo\u00a0la tercera\u00a0reuni\u00f3n para dar seguimiento al programa\u00a0\u201cCampo Limpio\u201d, en la que<\/p>\n","protected":false},"author":6,"featured_media":100933,"comment_status":"closed","ping_status":"closed","sticky":false,"template":"","format":"standard","meta":{"footnotes":""},"categories":[38],"tags":[],"class_list":["post-100931","post","type-post","status-publish","format-standard","has-post-thumbnail","hentry","category-locales"],"_links":{"self":[{"href":"https:\/\/plataformanoticias.mx\/index.php?rest_route=\/wp\/v2\/posts\/100931","targetHints":{"allow":["GET"]}}],"collection":[{"href":"https:\/\/plataformanoticias.mx\/index.php?rest_route=\/wp\/v2\/posts"}],"about":[{"href":"https:\/\/plataformanoticias.mx\/index.php?rest_route=\/wp\/v2\/types\/post"}],"author":[{"embeddable":true,"href":"https:\/\/plataformanoticias.mx\/index.php?rest_route=\/wp\/v2\/users\/6"}],"replies":[{"embeddable":true,"href":"https:\/\/plataformanoticias.mx\/index.php?rest_route=%2Fwp%2Fv2%2Fcomments&post=100931"}],"version-history":[{"count":1,"href":"https:\/\/plataformanoticias.mx\/index.php?rest_route=\/wp\/v2\/posts\/100931\/revisions"}],"predecessor-version":[{"id":100934,"href":"https:\/\/plataformanoticias.mx\/index.php?rest_route=\/wp\/v2\/posts\/100931\/revisions\/100934"}],"wp:featuredmedia":[{"embeddable":true,"href":"https:\/\/plataformanoticias.mx\/index.php?rest_route=\/wp\/v2\/media\/100933"}],"wp:attachment":[{"href":"https:\/\/plataformanoticias.mx\/index.php?rest_route=%2Fwp%2Fv2%2Fmedia&parent=100931"}],"wp:term":[{"taxonomy":"category","embeddable":true,"href":"https:\/\/plataformanoticias.mx\/index.php?rest_route=%2Fwp%2Fv2%2Fcategories&post=100931"},{"taxonomy":"post_tag","embeddable":true,"href":"https:\/\/plataformanoticias.mx\/index.php?rest_route=%2Fwp%2Fv2%2Ftags&post=100931"}],"curies":[{"name":"wp","href":"https:\/\/api.w.org\/{rel}","templated":true}]}}