{"id":100939,"date":"2023-12-07T15:36:45","date_gmt":"2023-12-07T22:36:45","guid":{"rendered":"https:\/\/plataformanoticias.mx\/?p=100939"},"modified":"2023-12-07T15:36:46","modified_gmt":"2023-12-07T22:36:46","slug":"el-12-de-diciembre-se-abrira-cuerpo-poniente-del-blvd-rosales","status":"publish","type":"post","link":"https:\/\/plataformanoticias.mx\/?p=100939","title":{"rendered":"El 12 de diciembre se abrir\u00e1 cuerpo poniente del Blvd. Rosales."},"content":{"rendered":"\n<p><strong><em>El Secretario de Obras P\u00fablicas, Jaime Romero<\/em><\/strong><strong><em>\u00a0Barrera<\/em><\/strong><strong><em>, confirm\u00f3 la noticia y dijo que el cuerpo oriente estar\u00e1 listo para el 31 de diciembre\u2026<\/em><\/strong><\/p>\n\n\n\n<p>Tal y como es el compromiso de que la pavimentaci\u00f3n del Blvd. Antonio Rosales, entre Agustina Ram\u00edrez y Pedro Anaya, quede\u00a0concluido y abierto a la circulaci\u00f3n este mes de diciembre, el cuerpo poniente de dicha vialidad se abrir\u00e1 el d\u00eda 12 de diciembre, inform\u00f3 el Secretario de Obras P\u00fablicas, Jaime Romero Barrera.<\/p>\n\n\n\n<p>El funcionario explic\u00f3 que, en dicho tramo del cuerpo poniente, debido a que se detect\u00f3 una zona adicional con baches, se aprob\u00f3 extender el nuevo pavimento 17 metros lineales m\u00e1s, para que quede en \u00f3ptimas condiciones.<\/p>\n\n\n\n<p>Referente al cuerpo&nbsp;oriente&nbsp;de dicho bulevar, Romero Barrera, inform\u00f3 que se&nbsp;est\u00e1&nbsp;trabajando&nbsp;para cumplir el&nbsp;compromiso&nbsp;de&nbsp;tenerlo&nbsp;listo para el 31 de&nbsp;diciembre,&nbsp;o de ser posible antes.<\/p>\n\n\n\n<p>\u201cEl informe que tengo hasta el d\u00eda viernes pasado, es que&nbsp;se est\u00e1&nbsp;trabajando en las&nbsp;banquetas y&nbsp;en&nbsp;las losas de rodamiento, con un avance del 47 por ciento, por lo que tenemos confianza de que s\u00ed vamos a cumplir el compromiso que hizo el Alcalde Gerardo Vargas Landeros, de que este mes de diciembre quede concluido al 100 por ciento\u201d<\/p>\n\n\n\n<p>Respecto al programa de bacheo en algunas de las principales vialidades de la ciudad y accesos a comunidades rurales, el titular de Obras P\u00fablicas, coment\u00f3 que con la m\u00e1quina bacheadora&nbsp;y dos cuadrillas en camiones de volteo,&nbsp;se est\u00e1 avanzando&nbsp;satisfactoriamente.<\/p>\n\n\n\n<p>\u201cYa concluimos el&nbsp;programa emergente de arreglar los&nbsp;baches&nbsp;provocados por las&nbsp;lluvias,&nbsp;y&nbsp;ahora estamos atendiendo&nbsp;diferentes&nbsp;puntos&nbsp;de&nbsp;la ciudad,&nbsp;con un plan m\u00e1s&nbsp;unificado&nbsp;en&nbsp;avenidas principales, para&nbsp;dejarlas en mejores condiciones\u201d.<\/p>\n\n\n\n<p>Dijo que se tiene un avance significativo, aplicando&nbsp;18 metros c\u00fabicos&nbsp;de&nbsp;asfalto por d\u00eda, por lo que se pretende concluir entre el 15 y 18 de diciembre, dejando las vialidades en \u00f3ptimas condiciones.<\/p>\n\n\n\n<p>Con relaci\u00f3n del bacheo en zona rural, Jaime Romero, explic\u00f3 que se est\u00e1 trabajando en las carreteras locales como la&nbsp;Lateral 18, El&nbsp;Provenir&nbsp;y Villa de Ahome, entre otros accesos a comunidades rurales.<\/p>\n","protected":false},"excerpt":{"rendered":"<p>El Secretario de Obras P\u00fablicas, Jaime Romero\u00a0Barrera, confirm\u00f3 la noticia y dijo que el cuerpo oriente estar\u00e1 listo para el 31 de diciembre\u2026 Tal y como es el compromiso de que la pavimentaci\u00f3n del Blvd. Antonio Rosales, entre Agustina Ram\u00edrez y Pedro Anaya, quede\u00a0concluido y abierto a la circulaci\u00f3n este mes de diciembre, el cuerpo<\/p>\n","protected":false},"author":6,"featured_media":100942,"comment_status":"closed","ping_status":"closed","sticky":false,"template":"","format":"standard","meta":{"footnotes":""},"categories":[38],"tags":[],"class_list":["post-100939","post","type-post","status-publish","format-standard","has-post-thumbnail","hentry","category-locales"],"_links":{"self":[{"href":"https:\/\/plataformanoticias.mx\/index.php?rest_route=\/wp\/v2\/posts\/100939","targetHints":{"allow":["GET"]}}],"collection":[{"href":"https:\/\/plataformanoticias.mx\/index.php?rest_route=\/wp\/v2\/posts"}],"about":[{"href":"https:\/\/plataformanoticias.mx\/index.php?rest_route=\/wp\/v2\/types\/post"}],"author":[{"embeddable":true,"href":"https:\/\/plataformanoticias.mx\/index.php?rest_route=\/wp\/v2\/users\/6"}],"replies":[{"embeddable":true,"href":"https:\/\/plataformanoticias.mx\/index.php?rest_route=%2Fwp%2Fv2%2Fcomments&post=100939"}],"version-history":[{"count":1,"href":"https:\/\/plataformanoticias.mx\/index.php?rest_route=\/wp\/v2\/posts\/100939\/revisions"}],"predecessor-version":[{"id":100943,"href":"https:\/\/plataformanoticias.mx\/index.php?rest_route=\/wp\/v2\/posts\/100939\/revisions\/100943"}],"wp:featuredmedia":[{"embeddable":true,"href":"https:\/\/plataformanoticias.mx\/index.php?rest_route=\/wp\/v2\/media\/100942"}],"wp:attachment":[{"href":"https:\/\/plataformanoticias.mx\/index.php?rest_route=%2Fwp%2Fv2%2Fmedia&parent=100939"}],"wp:term":[{"taxonomy":"category","embeddable":true,"href":"https:\/\/plataformanoticias.mx\/index.php?rest_route=%2Fwp%2Fv2%2Fcategories&post=100939"},{"taxonomy":"post_tag","embeddable":true,"href":"https:\/\/plataformanoticias.mx\/index.php?rest_route=%2Fwp%2Fv2%2Ftags&post=100939"}],"curies":[{"name":"wp","href":"https:\/\/api.w.org\/{rel}","templated":true}]}}