{"id":100945,"date":"2023-12-07T15:51:33","date_gmt":"2023-12-07T22:51:33","guid":{"rendered":"https:\/\/plataformanoticias.mx\/?p=100945"},"modified":"2023-12-07T15:51:34","modified_gmt":"2023-12-07T22:51:34","slug":"el-pri-guasave-en-contra-de-la-reeleccion-del-alcalde-martin-ahumada","status":"publish","type":"post","link":"https:\/\/plataformanoticias.mx\/?p=100945","title":{"rendered":"El PRI Guasave en contra de la reelecci\u00f3n del alcalde Mart\u00edn Ahumada"},"content":{"rendered":"\n<p>Por: Hayde Verduzco <\/p>\n\n\n\n<p><strong>Guasave, Sinaloa.<\/strong>&#8211; En desacuerdo la presidenta municipal del Partido Revolucionario Institucional M\u00f3nica L\u00f3pez Hern\u00e1ndez, con la aspiraci\u00f3n del alcalde Mart\u00edn Ahumada Quintero, de buscar la reelecci\u00f3n.<\/p>\n\n\n\n<p>Consider\u00f3 desafortunada la decisi\u00f3n al quitarle oportunidades a nuevos cuadros que pudieran llegar a trabajar con los retos que enfrenta el municipio en su desarrollo.<\/p>\n\n\n\n<p>\u201cEs momento de dejar la puerta abierta a otras personas para que lleguen a seguir construyendo el Guasave de oportunidades que todos queremos \u201c, precis\u00f3 L\u00f3pez Hern\u00e1ndez.<\/p>\n\n\n\n<p>Consider\u00f3 retador el tema de la reelecci\u00f3n porque conlleva a que sigan adelante aquellos personajes que hicieron un trabajo extraordinario, y en el caso de Mart\u00edn Ahumada no ha habido la posibilidad de poder concretar proyectos exitosos; es ah\u00ed donde se debe analizar el porqu\u00e9 no es tan oportuna la continuidad de su gobierno , explic\u00f3.<\/p>\n\n\n\n<p>De igual forma se\u00f1al\u00f3 dos asuntos importantes en los que se ha fallado como es el momento agr\u00edcola tan dif\u00edcil y la falta de inversiones al municipio.<\/p>\n","protected":false},"excerpt":{"rendered":"<p>Por: Hayde Verduzco Guasave, Sinaloa.&#8211; En desacuerdo la presidenta municipal del Partido Revolucionario Institucional M\u00f3nica L\u00f3pez Hern\u00e1ndez, con la aspiraci\u00f3n del alcalde Mart\u00edn Ahumada Quintero, de buscar la reelecci\u00f3n. Consider\u00f3 desafortunada la decisi\u00f3n al quitarle oportunidades a nuevos cuadros que pudieran llegar a trabajar con los retos que enfrenta el municipio en su desarrollo. \u201cEs<\/p>\n","protected":false},"author":6,"featured_media":100947,"comment_status":"closed","ping_status":"closed","sticky":false,"template":"","format":"standard","meta":{"footnotes":""},"categories":[31],"tags":[],"class_list":["post-100945","post","type-post","status-publish","format-standard","has-post-thumbnail","hentry","category-politica"],"_links":{"self":[{"href":"https:\/\/plataformanoticias.mx\/index.php?rest_route=\/wp\/v2\/posts\/100945","targetHints":{"allow":["GET"]}}],"collection":[{"href":"https:\/\/plataformanoticias.mx\/index.php?rest_route=\/wp\/v2\/posts"}],"about":[{"href":"https:\/\/plataformanoticias.mx\/index.php?rest_route=\/wp\/v2\/types\/post"}],"author":[{"embeddable":true,"href":"https:\/\/plataformanoticias.mx\/index.php?rest_route=\/wp\/v2\/users\/6"}],"replies":[{"embeddable":true,"href":"https:\/\/plataformanoticias.mx\/index.php?rest_route=%2Fwp%2Fv2%2Fcomments&post=100945"}],"version-history":[{"count":1,"href":"https:\/\/plataformanoticias.mx\/index.php?rest_route=\/wp\/v2\/posts\/100945\/revisions"}],"predecessor-version":[{"id":100948,"href":"https:\/\/plataformanoticias.mx\/index.php?rest_route=\/wp\/v2\/posts\/100945\/revisions\/100948"}],"wp:featuredmedia":[{"embeddable":true,"href":"https:\/\/plataformanoticias.mx\/index.php?rest_route=\/wp\/v2\/media\/100947"}],"wp:attachment":[{"href":"https:\/\/plataformanoticias.mx\/index.php?rest_route=%2Fwp%2Fv2%2Fmedia&parent=100945"}],"wp:term":[{"taxonomy":"category","embeddable":true,"href":"https:\/\/plataformanoticias.mx\/index.php?rest_route=%2Fwp%2Fv2%2Fcategories&post=100945"},{"taxonomy":"post_tag","embeddable":true,"href":"https:\/\/plataformanoticias.mx\/index.php?rest_route=%2Fwp%2Fv2%2Ftags&post=100945"}],"curies":[{"name":"wp","href":"https:\/\/api.w.org\/{rel}","templated":true}]}}