{"id":100976,"date":"2023-12-08T16:49:07","date_gmt":"2023-12-08T23:49:07","guid":{"rendered":"https:\/\/plataformanoticias.mx\/?p=100976"},"modified":"2023-12-08T16:55:51","modified_gmt":"2023-12-08T23:55:51","slug":"arranca-el-pri-ahome-programa-de-credencializacion-a-sus-militantes","status":"publish","type":"post","link":"https:\/\/plataformanoticias.mx\/?p=100976","title":{"rendered":"Arranca el PRI Ahome programa de credencializaci\u00f3n  a sus militantes"},"content":{"rendered":"\n<p><\/p>\n\n\n\n<p><em>&#8211; El Coordinador Nacional de Afiliaci\u00f3n y Registro Partidario del CEN del PRI, Jos\u00e9 Luis Villalobos Garc\u00eda, estuvo en Los Mochis, para dar inicio a esta importante jornada la cual se llevar\u00e1 a cabo en los 20 comit\u00e9s municipales<\/em><\/p>\n\n\n\n<figure class=\"wp-block-image size-large\"><img loading=\"lazy\" decoding=\"async\" width=\"1024\" height=\"768\" src=\"https:\/\/plataformanoticias.mx\/wp-content\/uploads\/2023\/12\/c25fe6f1-86a2-4df2-8787-915d58318b2d-1024x768.jpeg\" alt=\"\" class=\"wp-image-100978\" srcset=\"https:\/\/plataformanoticias.mx\/wp-content\/uploads\/2023\/12\/c25fe6f1-86a2-4df2-8787-915d58318b2d-1024x768.jpeg 1024w, https:\/\/plataformanoticias.mx\/wp-content\/uploads\/2023\/12\/c25fe6f1-86a2-4df2-8787-915d58318b2d-300x225.jpeg 300w, https:\/\/plataformanoticias.mx\/wp-content\/uploads\/2023\/12\/c25fe6f1-86a2-4df2-8787-915d58318b2d-768x576.jpeg 768w, https:\/\/plataformanoticias.mx\/wp-content\/uploads\/2023\/12\/c25fe6f1-86a2-4df2-8787-915d58318b2d-1536x1152.jpeg 1536w, https:\/\/plataformanoticias.mx\/wp-content\/uploads\/2023\/12\/c25fe6f1-86a2-4df2-8787-915d58318b2d.jpeg 1600w\" sizes=\"auto, (max-width: 1024px) 100vw, 1024px\" \/><\/figure>\n\n\n\n<p>Los Mochis, Sin.- El Secretario General del PRI en Sinaloa, Bernardino Antelo Esper, en compa\u00f1\u00eda del Coordinador Nacional de Afiliaci\u00f3n y Registro Partidario del CEN del PRI, Jos\u00e9 Luis Villalobos Garc\u00eda, as\u00ed como del dirigente municipal C\u00e9sar Emiliano Gerardo Lugo, la diputada Paloma S\u00e1nchez y el delegado \u00c1lvaro Ruelas Echave, arrancaron en Ahome el Programa de Credencializaci\u00f3n de militantes pri\u00edstas, el cual se realizar\u00e1 en todo el estado de Sinaloa.<\/p>\n\n\n\n<p>Fue C\u00e9sar Emiliano Gerardo y Santa Obidia Meza, Presidente y Secretaria General del Comit\u00e9 Directivo Municipal, anfitriones del evento, quienes dieron las palabras de bienvenida, a los distinguidos pri\u00edstas, militantes y representantes de los distintos sectores, organizaciones, secretar\u00edas, sub Comit\u00e9s, as\u00ed como a los dirigentes aliados del PRD y del PAN, doctor Juan Andr\u00e9s Barrera y Jacob P\u00e9rez, respectivamente y del doctor Juan Francisco Villegas del Frente C\u00edvico.<\/p>\n\n\n\n<figure class=\"wp-block-image size-large\"><img loading=\"lazy\" decoding=\"async\" width=\"1024\" height=\"768\" src=\"https:\/\/plataformanoticias.mx\/wp-content\/uploads\/2023\/12\/0ecff77a-5346-42fc-9e1d-3b82806d581d-1024x768.jpeg\" alt=\"\" class=\"wp-image-100980\" srcset=\"https:\/\/plataformanoticias.mx\/wp-content\/uploads\/2023\/12\/0ecff77a-5346-42fc-9e1d-3b82806d581d-1024x768.jpeg 1024w, https:\/\/plataformanoticias.mx\/wp-content\/uploads\/2023\/12\/0ecff77a-5346-42fc-9e1d-3b82806d581d-300x225.jpeg 300w, https:\/\/plataformanoticias.mx\/wp-content\/uploads\/2023\/12\/0ecff77a-5346-42fc-9e1d-3b82806d581d-768x576.jpeg 768w, https:\/\/plataformanoticias.mx\/wp-content\/uploads\/2023\/12\/0ecff77a-5346-42fc-9e1d-3b82806d581d-1536x1152.jpeg 1536w, https:\/\/plataformanoticias.mx\/wp-content\/uploads\/2023\/12\/0ecff77a-5346-42fc-9e1d-3b82806d581d.jpeg 1600w\" sizes=\"auto, (max-width: 1024px) 100vw, 1024px\" \/><\/figure>\n\n\n\n<p><\/p>\n\n\n\n<p>Por su parte y al iniciar las entregas de las primeras credenciales, Gerardo Lugo expres\u00f3 que como dirigencia han cumplido la promesa de sacar adelante al partido, donde se ha trabajado muy duro desde el primer d\u00eda junto con Santa Obidia, llevando diferentes actividades de asistencia social en beneficio de miles de ahomenses.<\/p>\n\n\n\n<p>\u201cSiempre lo he dicho y lo recalco, a pesar de no ser gobierno ni municipal, ni estatal, ni federal, ya duplicamos 2 veces la meta de afiliaci\u00f3n que nos solicitan del Comit\u00e9 Directivo Estatal, y todo eso es gracias a todas estas personas que est\u00e1n aqu\u00ed presentes, a quienes les pido se pongan de pie, para dar un fuerte aplauso por ese apoyo y porque siempre hemos hecho un gran equipo que da resultados\u201d, manifest\u00f3 el l\u00edder de los pri\u00edstas en Ahome.<\/p>\n\n\n\n<p>Asimismo, el Secretario General del PRI en Sinaloa, Bernardino Antelo, hizo un reconocimiento especial a la dirigencia del Comit\u00e9 Municipal, por el gran trabajo que han venido desarrollando y por destacar como una dirigencia con mucho dinamismo.<\/p>\n\n\n\n<p>Tambi\u00e9n la diputada federal Paloma S\u00e1nchez, quien recibi\u00f3 una gran cantidad de aplausos y halagos, hizo uso de la voz para expresar lo encantada que se sent\u00eda al estar en Ahome, acompa\u00f1ando a las y los pri\u00edstas , en esta etapa de Credencializaci\u00f3n.<\/p>\n\n\n\n<p>\u201cDe verdad, a diario veo a sus dirigentes en las redes sociales, siempre estoy compartiendo donde andan, de aqu\u00ed para all\u00e1, siempre con una actividad y con otra, los felicito por eso, y es en realidad lo que ocupamos como partido\u201d, dijo.<\/p>\n\n\n\n<p>La legisladora pri\u00edsta manifest\u00f3 su alegr\u00eda al ver a los dirigentes municipales del PAN y del PRD, he indic\u00f3 que juntos como equipo, le quitaron la mayor\u00eda a Morena y gracias a ello, no pudieron pasar las 3 reformas m\u00e1s destructivas del pa\u00eds\u2026 \u201cjuntos nosotros 3, y ahora con la sociedad civil, creamos el Frente Amplio por M\u00e9xico\u201d, explic\u00f3.<\/p>\n\n\n\n<p>Para finalizar, el Coordinador Nacional Jos\u00e9 Luis Villalobos agradeci\u00f3 al Secretario General, Bernardino Antelo por darles la oportunidad de estar en su municipio, Ahome, y saludar a personas tan valiosas, como lo son cada uno de los presentes.<\/p>\n\n\n\n<p>\u201c\u00bfMe toca atender lo m\u00e1s valioso de nuestro partido, nuestro presidente Alejandro Moreno me dio la gran responsabilidad de coordinar los trabajos de afiliaci\u00f3n y registro partidario, porque como dijo Colosio, necesitamos saber qui\u00e9nes somos? Cuantos somos? \u00bfY d\u00f3nde estamos?\u201d, extern\u00f3.<\/p>\n","protected":false},"excerpt":{"rendered":"<p>&#8211; El Coordinador Nacional de Afiliaci\u00f3n y Registro Partidario del CEN del PRI, Jos\u00e9 Luis Villalobos Garc\u00eda, estuvo en Los Mochis, para dar inicio a esta importante jornada la cual se llevar\u00e1 a cabo en los 20 comit\u00e9s municipales Los Mochis, Sin.- El Secretario General del PRI en Sinaloa, Bernardino Antelo Esper, en compa\u00f1\u00eda del<\/p>\n","protected":false},"author":6,"featured_media":100982,"comment_status":"closed","ping_status":"closed","sticky":false,"template":"","format":"standard","meta":{"footnotes":""},"categories":[31],"tags":[],"class_list":["post-100976","post","type-post","status-publish","format-standard","has-post-thumbnail","hentry","category-politica"],"_links":{"self":[{"href":"https:\/\/plataformanoticias.mx\/index.php?rest_route=\/wp\/v2\/posts\/100976","targetHints":{"allow":["GET"]}}],"collection":[{"href":"https:\/\/plataformanoticias.mx\/index.php?rest_route=\/wp\/v2\/posts"}],"about":[{"href":"https:\/\/plataformanoticias.mx\/index.php?rest_route=\/wp\/v2\/types\/post"}],"author":[{"embeddable":true,"href":"https:\/\/plataformanoticias.mx\/index.php?rest_route=\/wp\/v2\/users\/6"}],"replies":[{"embeddable":true,"href":"https:\/\/plataformanoticias.mx\/index.php?rest_route=%2Fwp%2Fv2%2Fcomments&post=100976"}],"version-history":[{"count":3,"href":"https:\/\/plataformanoticias.mx\/index.php?rest_route=\/wp\/v2\/posts\/100976\/revisions"}],"predecessor-version":[{"id":100983,"href":"https:\/\/plataformanoticias.mx\/index.php?rest_route=\/wp\/v2\/posts\/100976\/revisions\/100983"}],"wp:featuredmedia":[{"embeddable":true,"href":"https:\/\/plataformanoticias.mx\/index.php?rest_route=\/wp\/v2\/media\/100982"}],"wp:attachment":[{"href":"https:\/\/plataformanoticias.mx\/index.php?rest_route=%2Fwp%2Fv2%2Fmedia&parent=100976"}],"wp:term":[{"taxonomy":"category","embeddable":true,"href":"https:\/\/plataformanoticias.mx\/index.php?rest_route=%2Fwp%2Fv2%2Fcategories&post=100976"},{"taxonomy":"post_tag","embeddable":true,"href":"https:\/\/plataformanoticias.mx\/index.php?rest_route=%2Fwp%2Fv2%2Ftags&post=100976"}],"curies":[{"name":"wp","href":"https:\/\/api.w.org\/{rel}","templated":true}]}}