{"id":100989,"date":"2023-12-08T17:39:44","date_gmt":"2023-12-09T00:39:44","guid":{"rendered":"https:\/\/plataformanoticias.mx\/?p=100989"},"modified":"2023-12-08T17:39:45","modified_gmt":"2023-12-09T00:39:45","slug":"entrega-graciela-dominguez-el-premio-al-merito-cientifico-2023","status":"publish","type":"post","link":"https:\/\/plataformanoticias.mx\/?p=100989","title":{"rendered":"Entrega Graciela Dom\u00ednguez el Premio al M\u00e9rito Cient\u00edfico 2023"},"content":{"rendered":"\n<p><em>Con la representaci\u00f3n del Gobernador, Rub\u00e9n Rocha Moya, la titular de SEPyC reconoci\u00f3 el aporte de la comunidad cient\u00edfica a la sociedad sinaloense<\/em><\/p>\n\n\n\n<p><em>El Galard\u00f3n fue otorgado al Dr. Joan Albert S\u00e1nchez Cabeza, quien alert\u00f3 contra efectos del cambio clim\u00e1tico<\/em><\/p>\n\n\n\n<p>El Gobierno de Sinaloa distingue, reconoce y celebra la trayectoria profesional y la excelencia de hombres y mujeres que con sus aportaciones en el campo de la ciencia, la tecnolog\u00eda y la innovaci\u00f3n, resultan fundamentales para incrementar la competitividad, el desarrollo econ\u00f3mico sustentable y el bienestar social en nuestro Estado, expres\u00f3 la secretaria Graciela Dom\u00ednguez Nava al entregar el Premio al M\u00e9rito Cient\u00edfico \u201cDr. C\u00e9sar Abelino Ordorica Falomir\u201d y el Premio Eustaquio Buelna a la Mejor Tesis de Posgrado, otorgados por el CONFIE.<\/p>\n\n\n\n<p>El Premio al M\u00e9rito Cient\u00edfico \u201cDr. C\u00e9sar Abelino Ordorica Falomir\u201d correspondi\u00f3 al Dr. Joan Albert S\u00e1nchez Cabeza quien es investigador del Instituto de Ciencias del Mar y Limnolog\u00eda de Mazatl\u00e1n, y el Premio Eustaquio Buelna a la Mejor Tesis de Posgrado (PEBMTP) se otorg\u00f3 en el \u00e1rea de Doctorado al Dr. Irvin Gonz\u00e1lez L\u00f3pez, del CIAD, y en el \u00e1rea de Maestr\u00eda al M.C. \u00c1ngel Radam\u00e9s R\u00e1bago Monz\u00f3n de la Facultad de Qu\u00edmica de la UAS.<\/p>\n\n\n\n<p>La Secretaria de Educaci\u00f3n P\u00fablica y Cultura, quien asisti\u00f3 a este acto con la representaci\u00f3n del Gobernador Rub\u00e9n Rocha Moya, expres\u00f3: \u201cFelicidades porque con sus conocimientos, capacidades, desempe\u00f1o profesional, vocaci\u00f3n y amor por su comunidad, han logrado ejercer sus labores con un elevado nivel de calidad; han impactado positivamente nuestro entorno, y han contribuido de forma importante, a construir una mejor sociedad en Sinaloa y en el pa\u00eds\u201d.<\/p>\n\n\n\n<p>En el acto, celebrado en el Centro Sinaloa de las Artes Centenario de esta capital, agreg\u00f3 que en Sinaloa, hay profesionistas que destacan por su aut\u00e9ntica vocaci\u00f3n en sus respectivos campos de trabajo y reconocer sus \u00e9xitos es educar a nuestra ni\u00f1ez y juventud sobre el valor que representa el trabajo y la dedicaci\u00f3n para lograr nuestras metas.<\/p>\n\n\n\n<figure class=\"wp-block-image size-full\"><img loading=\"lazy\" decoding=\"async\" width=\"683\" height=\"1024\" src=\"https:\/\/plataformanoticias.mx\/wp-content\/uploads\/2023\/12\/99B33664-1781-48C8-BEAB-97CFDC2151EA.jpeg\" alt=\"\" class=\"wp-image-100993\" srcset=\"https:\/\/plataformanoticias.mx\/wp-content\/uploads\/2023\/12\/99B33664-1781-48C8-BEAB-97CFDC2151EA.jpeg 683w, https:\/\/plataformanoticias.mx\/wp-content\/uploads\/2023\/12\/99B33664-1781-48C8-BEAB-97CFDC2151EA-200x300.jpeg 200w\" sizes=\"auto, (max-width: 683px) 100vw, 683px\" \/><\/figure>\n\n\n\n<p>A su vez, el galardonado, Dr. Joan Albert S\u00e1nchez Cabeza dijo que, ante los avances del cambio clim\u00e1tico en el mundo, desgraciadamente los cient\u00edficos parece que \u201csiempre traemos malas noticias\u201d, y en la unidad Mazatl\u00e1n del Instituto de Ciencias del Mar y Tecnolog\u00eda de la UNAM, donde desarrolla sus investigaciones, dijo: \u201cya sabemos que las aguas de la bah\u00eda de Mazatl\u00e1n se calientan m\u00e1s r\u00e1pido que el promedio mundial, que el nivel del mar est\u00e1 aumentando de una forma acelerada y que en invierno los vientos del noroeste causan la aparici\u00f3n de aguas profundas que pueden ser la corrosivas para algunos organismos vivos, y empeorar\u00e1 con la acidificaci\u00f3n de los mares\u201d.<\/p>\n\n\n\n<p>Por ello hizo una llamado de alerta a la humanidad, el da\u00f1o que hemos hecho al planeta solo es reversible en siglos, quiz\u00e1s milenios, ya que el problema somos todos nosotros, los habitantes del planeta que consumimos esos recursos, pues cada decisi\u00f3n y acci\u00f3n que tomamos tiene un impacto: d\u00f3nde vivimos, c\u00f3mo nos desplazamos, qu\u00e9 compramos, qu\u00e9 comemos, por lo que tenemos que cambiar nuestra cultura, nuestras actitudes, y para ello tenemos que pensar en el planeta Tierra antes de cada acci\u00f3n que tomamos, y suplic\u00f3: \u201cPor favor, no desaprovechemos la oportunidad de mejorarlo cada d\u00eda\u201d.<\/p>\n\n\n\n<p>La bienvenida estuvo a cargo del Dr. Karam Qui\u00f1ones quien valor\u00f3 la trayectoria cient\u00edfica del Dr. Ordorica Falomir, deline\u00f3 los m\u00e9ritos por los que estos personajes son galardonados, y agreg\u00f3 que &#8220;la entrega del Premio al M\u00e9rito Cient\u00edfico nos refrenda que la ciencia es un esfuerzo colectivo y que cada peque\u00f1o paso adelante del conocimiento es un tributo a la colaboraci\u00f3n y al trabajo arduo de toda la comunidad cient\u00edfica y tecnol\u00f3gica, a trav\u00e9s de la ciencia podemos alcanzar alturas inimaginables\u201d.<\/p>\n\n\n\n<p>Presidieron el acto adem\u00e1s Mar\u00eda Teresa Guerra Ochoa, Secretaria de las Mujeres del Estado de Sinaloa; el Diputado Jos\u00e9 Manuel Luque Rojas, en representaci\u00f3n del Congreso del Estado; Dra. Mar\u00eda Luc\u00eda Barr\u00f3n Estrada, Premio Sinaloa de Ciencia, Tecnolog\u00eda e Innovaci\u00f3n 2018; Octavio C\u00e9sar Ordorica Geraldini, en representaci\u00f3n de su padre, el Dr. Ordorica Falomir, y el Dr. Carlos Karam Qui\u00f1ones, director general de CONF\u00cdE (Coordinaci\u00f3n General para el Fomento a la Investigaci\u00f3n Cient\u00edfica e Innovaci\u00f3n).<\/p>\n\n\n\n<p><em>LOS GANADORES<\/em><br>El Dr. Joan Albert S\u00e1nchez Cabeza quien es investigador del Instituto de Ciencias del Mar y Limnolog\u00eda de Mazatl\u00e1n, se hizo acreedor al galard\u00f3n por su destacada contribuci\u00f3n en el \u00e1mbito cient\u00edfico con una obra cient\u00edfica que incluye casi 200 art\u00edculos indizados que ha sido citada en m\u00e1s de 5 mil ocasiones, y editor en una de las revistas internacionales m\u00e1s influyentes en el \u00e1mbito de las Ciencias de la Tierra, Earth Science Reviews, entre otros logros.<\/p>\n\n\n\n<p>El Premio al M\u00e9rito Cient\u00edfico \u201cDr. C\u00e9sar Abelino Ordorica Falomir\u201d incluye, adem\u00e1s de su reconocimiento, un est\u00edmulo econ\u00f3mico de 100 mil pesos y una medalla de oro, mientras que el Premio Eustaquio Buelna a la Mejor Tesis de Posgrado incluye el reconocimiento, adem\u00e1s el premio incluye un est\u00edmulo econ\u00f3mico de 50 mil pesos para la tesis de doctorado, y 30 mil pesos para la tesis de maestr\u00eda, lo que a\u00f1ade un incentivo tangible a la excelencia acad\u00e9mica y fomenta la dedicaci\u00f3n a la investigaci\u00f3n y la tecnolog\u00eda.<\/p>\n\n\n\n<p>Por su parte, el M.C. \u00c1ngel Radam\u00e9s R\u00e1bago Monz\u00f3n de la Facultad de Qu\u00edmica de la UAS, recibi\u00f3 el Premio Eustaquio Buelna a la Mejor Tesis de Posgrado (PEBMTP), en el \u00e1rea de maestr\u00eda con la tesis titulada &#8220;Efecto Fotoprotector, Antioxidante, Antiinflamatorio y Antienvejecimiento de Emulsiones de Glutelina Selenizada de Garbanzo Germinado y Aceites Esenciales&#8221;; y el Dr. Irvin Gonz\u00e1lez L\u00f3pez, del CIAD, gan\u00f3 el premio en el \u00e1rea de mejor tesis de doctorado con la tesis titulada &#8220;Estrategias metab\u00f3licas de Salmonella spp., para su establecimiento en agua de r\u00edo&#8221;.<\/p>\n","protected":false},"excerpt":{"rendered":"<p>Con la representaci\u00f3n del Gobernador, Rub\u00e9n Rocha Moya, la titular de SEPyC reconoci\u00f3 el aporte de la comunidad cient\u00edfica a la sociedad sinaloense El Galard\u00f3n fue otorgado al Dr. Joan Albert S\u00e1nchez Cabeza, quien alert\u00f3 contra efectos del cambio clim\u00e1tico El Gobierno de Sinaloa distingue, reconoce y celebra la trayectoria profesional y la excelencia de<\/p>\n","protected":false},"author":6,"featured_media":100994,"comment_status":"closed","ping_status":"closed","sticky":false,"template":"","format":"standard","meta":{"footnotes":""},"categories":[28],"tags":[],"class_list":["post-100989","post","type-post","status-publish","format-standard","has-post-thumbnail","hentry","category-centro"],"_links":{"self":[{"href":"https:\/\/plataformanoticias.mx\/index.php?rest_route=\/wp\/v2\/posts\/100989","targetHints":{"allow":["GET"]}}],"collection":[{"href":"https:\/\/plataformanoticias.mx\/index.php?rest_route=\/wp\/v2\/posts"}],"about":[{"href":"https:\/\/plataformanoticias.mx\/index.php?rest_route=\/wp\/v2\/types\/post"}],"author":[{"embeddable":true,"href":"https:\/\/plataformanoticias.mx\/index.php?rest_route=\/wp\/v2\/users\/6"}],"replies":[{"embeddable":true,"href":"https:\/\/plataformanoticias.mx\/index.php?rest_route=%2Fwp%2Fv2%2Fcomments&post=100989"}],"version-history":[{"count":2,"href":"https:\/\/plataformanoticias.mx\/index.php?rest_route=\/wp\/v2\/posts\/100989\/revisions"}],"predecessor-version":[{"id":100995,"href":"https:\/\/plataformanoticias.mx\/index.php?rest_route=\/wp\/v2\/posts\/100989\/revisions\/100995"}],"wp:featuredmedia":[{"embeddable":true,"href":"https:\/\/plataformanoticias.mx\/index.php?rest_route=\/wp\/v2\/media\/100994"}],"wp:attachment":[{"href":"https:\/\/plataformanoticias.mx\/index.php?rest_route=%2Fwp%2Fv2%2Fmedia&parent=100989"}],"wp:term":[{"taxonomy":"category","embeddable":true,"href":"https:\/\/plataformanoticias.mx\/index.php?rest_route=%2Fwp%2Fv2%2Fcategories&post=100989"},{"taxonomy":"post_tag","embeddable":true,"href":"https:\/\/plataformanoticias.mx\/index.php?rest_route=%2Fwp%2Fv2%2Ftags&post=100989"}],"curies":[{"name":"wp","href":"https:\/\/api.w.org\/{rel}","templated":true}]}}