{"id":101004,"date":"2023-12-11T09:28:54","date_gmt":"2023-12-11T16:28:54","guid":{"rendered":"https:\/\/plataformanoticias.mx\/?p=101004"},"modified":"2023-12-11T09:32:26","modified_gmt":"2023-12-11T16:32:26","slug":"la-creacion-de-la-casa-sinaloa-sera-gestionada-en-lynwood-california-cesar-guerrero","status":"publish","type":"post","link":"https:\/\/plataformanoticias.mx\/?p=101004","title":{"rendered":"La creaci\u00f3n de la Casa Sinaloa ser\u00e1 gestionada en Lynwood, California: C\u00e9sar Guerrero."},"content":{"rendered":"\n<p><\/p>\n\n\n\n<p><em>Se realiza el segundo Foro de Asuntos Migratorios en Lynwood, California donde se propone la gesti\u00f3n de la Casa Sinaloa as\u00ed como la programaci\u00f3n del tercer foro en Sinaloa<\/em>.<\/p>\n\n\n\n<figure class=\"wp-block-image size-large\"><img loading=\"lazy\" decoding=\"async\" width=\"1024\" height=\"768\" src=\"https:\/\/plataformanoticias.mx\/wp-content\/uploads\/2023\/12\/ca8e2894-a3d1-475f-9cc9-2348c1b4aab7-1024x768.jpeg\" alt=\"\" class=\"wp-image-101006\" srcset=\"https:\/\/plataformanoticias.mx\/wp-content\/uploads\/2023\/12\/ca8e2894-a3d1-475f-9cc9-2348c1b4aab7-1024x768.jpeg 1024w, https:\/\/plataformanoticias.mx\/wp-content\/uploads\/2023\/12\/ca8e2894-a3d1-475f-9cc9-2348c1b4aab7-300x225.jpeg 300w, https:\/\/plataformanoticias.mx\/wp-content\/uploads\/2023\/12\/ca8e2894-a3d1-475f-9cc9-2348c1b4aab7-768x576.jpeg 768w, https:\/\/plataformanoticias.mx\/wp-content\/uploads\/2023\/12\/ca8e2894-a3d1-475f-9cc9-2348c1b4aab7.jpeg 1280w\" sizes=\"auto, (max-width: 1024px) 100vw, 1024px\" \/><\/figure>\n\n\n\n<p>Lynwood,California.- Con avances en materia de apoyo a sinaloenses migrantes finaliza el segundo Foro de Asuntos Migratorios encabezado por C\u00e9sar Guerrero, diputado del Congreso de Sinaloa.<\/p>\n\n\n\n<p>La actividad se realiz\u00f3, en esta ocasi\u00f3n, en Lynwood, California donde se concluy\u00f3 con la propuesta de la gesti\u00f3n de la Casa Sinaloa misma que se pretende sea ubicada en la ciudad mencionada y brinde apoyo as\u00ed como asesor\u00eda a paisanos en temas de tramitolog\u00eda ante el gobierno del estado.<\/p>\n\n\n\n<p>&#8220;Ya culminamos con los trabajos del segundo foro migrante, en resumen es gestionar para tener la Casa Sinaloa aqu\u00ed en Lynwood para tener las gestiones en diferentes tramitolog\u00edas que se tienen que hacer como actas de nacimiento, credenciales, poderes notariales, tr\u00e1mites ante el gobierno del Estado de Sinaloa&#8221;, detall\u00f3.<\/p>\n\n\n\n<p>El legislador agreg\u00f3 que tambi\u00e9n se trabaja en un tecer foro que sume a tres ciudades del estado que son: Los Mochis, Culiac\u00e1n y Mazatl\u00e1n.<\/p>\n\n\n\n<p>&#8220;Se pretende tener el tercer foro, otra vez all\u00e1 en Culiac\u00e1n pero con el tema de generar un turismo social , de bienestar; intentaremos tener un foro que comparta tres ciudades Culiac\u00e1n, Mazatl\u00e1n y Los Mochis&#8221;, agreg\u00f3.<\/p>\n\n\n\n<p>Por \u00faltimo, a\u00f1adi\u00f3 que tambi\u00e9n se suman gestiones para que se de un tema empresarial mucho m\u00e1s fluido con el que se pueda intercambiar diferentes tipos de comercializaci\u00f3n. Es decir que productos sinaloenses sean posicionados en Lynwood, California, Estados Unidos de Am\u00e9rica.<\/p>\n","protected":false},"excerpt":{"rendered":"<p>Se realiza el segundo Foro de Asuntos Migratorios en Lynwood, California donde se propone la gesti\u00f3n de la Casa Sinaloa as\u00ed como la programaci\u00f3n del tercer foro en Sinaloa. Lynwood,California.- Con avances en materia de apoyo a sinaloenses migrantes finaliza el segundo Foro de Asuntos Migratorios encabezado por C\u00e9sar Guerrero, diputado del Congreso de Sinaloa.<\/p>\n","protected":false},"author":6,"featured_media":101008,"comment_status":"closed","ping_status":"closed","sticky":false,"template":"","format":"standard","meta":{"footnotes":""},"categories":[31],"tags":[],"class_list":["post-101004","post","type-post","status-publish","format-standard","has-post-thumbnail","hentry","category-politica"],"_links":{"self":[{"href":"https:\/\/plataformanoticias.mx\/index.php?rest_route=\/wp\/v2\/posts\/101004","targetHints":{"allow":["GET"]}}],"collection":[{"href":"https:\/\/plataformanoticias.mx\/index.php?rest_route=\/wp\/v2\/posts"}],"about":[{"href":"https:\/\/plataformanoticias.mx\/index.php?rest_route=\/wp\/v2\/types\/post"}],"author":[{"embeddable":true,"href":"https:\/\/plataformanoticias.mx\/index.php?rest_route=\/wp\/v2\/users\/6"}],"replies":[{"embeddable":true,"href":"https:\/\/plataformanoticias.mx\/index.php?rest_route=%2Fwp%2Fv2%2Fcomments&post=101004"}],"version-history":[{"count":1,"href":"https:\/\/plataformanoticias.mx\/index.php?rest_route=\/wp\/v2\/posts\/101004\/revisions"}],"predecessor-version":[{"id":101007,"href":"https:\/\/plataformanoticias.mx\/index.php?rest_route=\/wp\/v2\/posts\/101004\/revisions\/101007"}],"wp:featuredmedia":[{"embeddable":true,"href":"https:\/\/plataformanoticias.mx\/index.php?rest_route=\/wp\/v2\/media\/101008"}],"wp:attachment":[{"href":"https:\/\/plataformanoticias.mx\/index.php?rest_route=%2Fwp%2Fv2%2Fmedia&parent=101004"}],"wp:term":[{"taxonomy":"category","embeddable":true,"href":"https:\/\/plataformanoticias.mx\/index.php?rest_route=%2Fwp%2Fv2%2Fcategories&post=101004"},{"taxonomy":"post_tag","embeddable":true,"href":"https:\/\/plataformanoticias.mx\/index.php?rest_route=%2Fwp%2Fv2%2Ftags&post=101004"}],"curies":[{"name":"wp","href":"https:\/\/api.w.org\/{rel}","templated":true}]}}