{"id":101012,"date":"2023-12-11T10:03:43","date_gmt":"2023-12-11T17:03:43","guid":{"rendered":"https:\/\/plataformanoticias.mx\/?p=101012"},"modified":"2023-12-11T10:03:44","modified_gmt":"2023-12-11T17:03:44","slug":"presumen-llegada-de-empresa-de-metanol-a-sinaloa","status":"publish","type":"post","link":"https:\/\/plataformanoticias.mx\/?p=101012","title":{"rendered":"Presumen llegada de empresa de metanol a Sinaloa"},"content":{"rendered":"\n<p><\/p>\n\n\n\n<p><strong>Los Mochis, Sinaloa<\/strong>.- El secretario de econom\u00eda Javier Gaxiola Coppel anunci\u00f3 en la conferencia Semanera que una empresa de Texas, al igual que algunas mexicanas invertir\u00e1n en Sinaloa para producir metanol.<\/p>\n\n\n\n<p><br>La inversi\u00f3n para este proyecto es de 2 mil 200 millones de d\u00f3lares, generar\u00e1 3 mil empleos durante la construcci\u00f3n que durar\u00e1 tres a\u00f1os y<br>450 empleos directos e indirectos permanentes. <\/p>\n\n\n\n<p>Esta planta producir\u00e1 2 millones de toneladas de metanol al a\u00f1o. Indic\u00f3 que est\u00e1 empresa se ubicar\u00e1 en Ahome por la ubicaci\u00f3n geogr\u00e1fica y porque hay gas natural y por la buena gesti\u00f3n del gobernador.<br>Este proyecto iniciar\u00e1 en el \u00faltimo trimestre de 2024 y empezar\u00e1 a operar a mediados de 2027.<\/p>\n","protected":false},"excerpt":{"rendered":"<p>Los Mochis, Sinaloa.- El secretario de econom\u00eda Javier Gaxiola Coppel anunci\u00f3 en la conferencia Semanera que una empresa de Texas, al igual que algunas mexicanas invertir\u00e1n en Sinaloa para producir metanol. La inversi\u00f3n para este proyecto es de 2 mil 200 millones de d\u00f3lares, generar\u00e1 3 mil empleos durante la construcci\u00f3n que durar\u00e1 tres a\u00f1os<\/p>\n","protected":false},"author":6,"featured_media":101014,"comment_status":"closed","ping_status":"closed","sticky":false,"template":"","format":"standard","meta":{"footnotes":""},"categories":[38],"tags":[],"class_list":["post-101012","post","type-post","status-publish","format-standard","has-post-thumbnail","hentry","category-locales"],"_links":{"self":[{"href":"https:\/\/plataformanoticias.mx\/index.php?rest_route=\/wp\/v2\/posts\/101012","targetHints":{"allow":["GET"]}}],"collection":[{"href":"https:\/\/plataformanoticias.mx\/index.php?rest_route=\/wp\/v2\/posts"}],"about":[{"href":"https:\/\/plataformanoticias.mx\/index.php?rest_route=\/wp\/v2\/types\/post"}],"author":[{"embeddable":true,"href":"https:\/\/plataformanoticias.mx\/index.php?rest_route=\/wp\/v2\/users\/6"}],"replies":[{"embeddable":true,"href":"https:\/\/plataformanoticias.mx\/index.php?rest_route=%2Fwp%2Fv2%2Fcomments&post=101012"}],"version-history":[{"count":1,"href":"https:\/\/plataformanoticias.mx\/index.php?rest_route=\/wp\/v2\/posts\/101012\/revisions"}],"predecessor-version":[{"id":101015,"href":"https:\/\/plataformanoticias.mx\/index.php?rest_route=\/wp\/v2\/posts\/101012\/revisions\/101015"}],"wp:featuredmedia":[{"embeddable":true,"href":"https:\/\/plataformanoticias.mx\/index.php?rest_route=\/wp\/v2\/media\/101014"}],"wp:attachment":[{"href":"https:\/\/plataformanoticias.mx\/index.php?rest_route=%2Fwp%2Fv2%2Fmedia&parent=101012"}],"wp:term":[{"taxonomy":"category","embeddable":true,"href":"https:\/\/plataformanoticias.mx\/index.php?rest_route=%2Fwp%2Fv2%2Fcategories&post=101012"},{"taxonomy":"post_tag","embeddable":true,"href":"https:\/\/plataformanoticias.mx\/index.php?rest_route=%2Fwp%2Fv2%2Ftags&post=101012"}],"curies":[{"name":"wp","href":"https:\/\/api.w.org\/{rel}","templated":true}]}}