{"id":101020,"date":"2023-12-11T10:06:33","date_gmt":"2023-12-11T17:06:33","guid":{"rendered":"https:\/\/plataformanoticias.mx\/?p=101020"},"modified":"2023-12-11T10:06:34","modified_gmt":"2023-12-11T17:06:34","slug":"regresa-a-los-mochis-el-desfile-jesus-es-la-onda","status":"publish","type":"post","link":"https:\/\/plataformanoticias.mx\/?p=101020","title":{"rendered":"Regresa a Los Mochis el desfile \u201cJes\u00fas es la onda\u201d"},"content":{"rendered":"\n<p><\/p>\n\n\n\n<p><strong>Los Mochis, Sinaloa<\/strong>.- Tras las suspensiones por los a\u00f1os de la pandemia, este fin de semana regresa a Los Mochis el desfile &#8220;Jesus es la onda&#8221;.<br>Representantes de la congregaci\u00f3n Jehov\u00e1 Nisi, organizadores del evento, informaron que la 13 edici\u00f3n del desfile se desarrollar\u00e1 este s\u00e1bado 16 y domingo 17 de diciembre por las principales calles de la ciudad.<br>El desfile busca transmitir valores fundamentales como la vida, el amor, la paz y la armon\u00eda familiar.<br>Ambos d\u00edas, el desfile partir\u00e1 a las 5 de la tarde del cruce de Belisario Dom\u00ednguez y bulevar Rosendo G Castro, con punto de culminaci\u00f3n en Antonio Rosales y Centenario.<\/p>\n","protected":false},"excerpt":{"rendered":"<p>Los Mochis, Sinaloa.- Tras las suspensiones por los a\u00f1os de la pandemia, este fin de semana regresa a Los Mochis el desfile &#8220;Jesus es la onda&#8221;.Representantes de la congregaci\u00f3n Jehov\u00e1 Nisi, organizadores del evento, informaron que la 13 edici\u00f3n del desfile se desarrollar\u00e1 este s\u00e1bado 16 y domingo 17 de diciembre por las principales calles<\/p>\n","protected":false},"author":6,"featured_media":101022,"comment_status":"closed","ping_status":"closed","sticky":false,"template":"","format":"standard","meta":{"footnotes":""},"categories":[38],"tags":[],"class_list":["post-101020","post","type-post","status-publish","format-standard","has-post-thumbnail","hentry","category-locales"],"_links":{"self":[{"href":"https:\/\/plataformanoticias.mx\/index.php?rest_route=\/wp\/v2\/posts\/101020","targetHints":{"allow":["GET"]}}],"collection":[{"href":"https:\/\/plataformanoticias.mx\/index.php?rest_route=\/wp\/v2\/posts"}],"about":[{"href":"https:\/\/plataformanoticias.mx\/index.php?rest_route=\/wp\/v2\/types\/post"}],"author":[{"embeddable":true,"href":"https:\/\/plataformanoticias.mx\/index.php?rest_route=\/wp\/v2\/users\/6"}],"replies":[{"embeddable":true,"href":"https:\/\/plataformanoticias.mx\/index.php?rest_route=%2Fwp%2Fv2%2Fcomments&post=101020"}],"version-history":[{"count":1,"href":"https:\/\/plataformanoticias.mx\/index.php?rest_route=\/wp\/v2\/posts\/101020\/revisions"}],"predecessor-version":[{"id":101023,"href":"https:\/\/plataformanoticias.mx\/index.php?rest_route=\/wp\/v2\/posts\/101020\/revisions\/101023"}],"wp:featuredmedia":[{"embeddable":true,"href":"https:\/\/plataformanoticias.mx\/index.php?rest_route=\/wp\/v2\/media\/101022"}],"wp:attachment":[{"href":"https:\/\/plataformanoticias.mx\/index.php?rest_route=%2Fwp%2Fv2%2Fmedia&parent=101020"}],"wp:term":[{"taxonomy":"category","embeddable":true,"href":"https:\/\/plataformanoticias.mx\/index.php?rest_route=%2Fwp%2Fv2%2Fcategories&post=101020"},{"taxonomy":"post_tag","embeddable":true,"href":"https:\/\/plataformanoticias.mx\/index.php?rest_route=%2Fwp%2Fv2%2Ftags&post=101020"}],"curies":[{"name":"wp","href":"https:\/\/api.w.org\/{rel}","templated":true}]}}