{"id":101040,"date":"2023-12-12T11:10:14","date_gmt":"2023-12-12T18:10:14","guid":{"rendered":"https:\/\/plataformanoticias.mx\/?p=101040"},"modified":"2023-12-12T11:10:53","modified_gmt":"2023-12-12T18:10:53","slug":"tarjetas-de-bienestar-que-no-sean-recogidas-hoy-se-resguardaran-por-la-veda-electoral","status":"publish","type":"post","link":"https:\/\/plataformanoticias.mx\/?p=101040","title":{"rendered":"Tarjetas de Bienestar que no sean recogidas hoy, se resguardar\u00e1n por la veda electoral"},"content":{"rendered":"\n<p><\/p>\n\n\n\n<p><strong>Los Mochis, Sinaloa.-<\/strong> Personal de la Secretar\u00eda de Bienestar hace un llamado a los adultos mayores que se incorporaron en los meses de septiembre y octubre al 65 y M\u00e1s, a que recojan su tarjeta, ya que de no hacerlo, estas ser\u00e1n enviadas a Culiac\u00e1n para ser resguardadas por la veda electoral y las regresar\u00e1n hasta el mes de julio del 2024 y no habr\u00e1 retroactivo.<br>As\u00ed que hoy es el \u00faltimo d\u00eda para que los adultos mayores del municipio de Ahome, que se incorporaron en los meses de septiembre y octubre, pasen por su tarjeta a la Ciudad Deportiva Aurelio Rodr\u00edguez, en un horario de 8:00 a 14:00 horas. Deben llevar dos copias del INE.<\/p>\n","protected":false},"excerpt":{"rendered":"<p>Los Mochis, Sinaloa.- Personal de la Secretar\u00eda de Bienestar hace un llamado a los adultos mayores que se incorporaron en los meses de septiembre y octubre al 65 y M\u00e1s, a que recojan su tarjeta, ya que de no hacerlo, estas ser\u00e1n enviadas a Culiac\u00e1n para ser resguardadas por la veda electoral y las regresar\u00e1n<\/p>\n","protected":false},"author":6,"featured_media":101042,"comment_status":"closed","ping_status":"closed","sticky":false,"template":"","format":"standard","meta":{"footnotes":""},"categories":[38],"tags":[],"class_list":["post-101040","post","type-post","status-publish","format-standard","has-post-thumbnail","hentry","category-locales"],"_links":{"self":[{"href":"https:\/\/plataformanoticias.mx\/index.php?rest_route=\/wp\/v2\/posts\/101040","targetHints":{"allow":["GET"]}}],"collection":[{"href":"https:\/\/plataformanoticias.mx\/index.php?rest_route=\/wp\/v2\/posts"}],"about":[{"href":"https:\/\/plataformanoticias.mx\/index.php?rest_route=\/wp\/v2\/types\/post"}],"author":[{"embeddable":true,"href":"https:\/\/plataformanoticias.mx\/index.php?rest_route=\/wp\/v2\/users\/6"}],"replies":[{"embeddable":true,"href":"https:\/\/plataformanoticias.mx\/index.php?rest_route=%2Fwp%2Fv2%2Fcomments&post=101040"}],"version-history":[{"count":1,"href":"https:\/\/plataformanoticias.mx\/index.php?rest_route=\/wp\/v2\/posts\/101040\/revisions"}],"predecessor-version":[{"id":101041,"href":"https:\/\/plataformanoticias.mx\/index.php?rest_route=\/wp\/v2\/posts\/101040\/revisions\/101041"}],"wp:featuredmedia":[{"embeddable":true,"href":"https:\/\/plataformanoticias.mx\/index.php?rest_route=\/wp\/v2\/media\/101042"}],"wp:attachment":[{"href":"https:\/\/plataformanoticias.mx\/index.php?rest_route=%2Fwp%2Fv2%2Fmedia&parent=101040"}],"wp:term":[{"taxonomy":"category","embeddable":true,"href":"https:\/\/plataformanoticias.mx\/index.php?rest_route=%2Fwp%2Fv2%2Fcategories&post=101040"},{"taxonomy":"post_tag","embeddable":true,"href":"https:\/\/plataformanoticias.mx\/index.php?rest_route=%2Fwp%2Fv2%2Ftags&post=101040"}],"curies":[{"name":"wp","href":"https:\/\/api.w.org\/{rel}","templated":true}]}}