{"id":101043,"date":"2023-12-12T11:13:27","date_gmt":"2023-12-12T18:13:27","guid":{"rendered":"https:\/\/plataformanoticias.mx\/?p=101043"},"modified":"2023-12-12T11:13:28","modified_gmt":"2023-12-12T18:13:28","slug":"no-buscara-teresa-guerra-que-la-palome-claudia-sheinbaum","status":"publish","type":"post","link":"https:\/\/plataformanoticias.mx\/?p=101043","title":{"rendered":"No buscar\u00e1 Teresa Guerra que la palome Claudia Sheinbaum"},"content":{"rendered":"\n<p><\/p>\n\n\n\n<p>Claudia Sheinbaum candidata a la presidencia de la Rep\u00fablica estar\u00e1 en Sinaloa este jueves, la aspirante a la alcald\u00eda de Culiac\u00e1n por Morena Teresa Guerra Ochoa no sabe si acudir\u00e1 al evento. En caso de hacerlo considera que tendr\u00eda que pedir permiso por ser un d\u00eda laboral. Considera que estar\u00eda mal que los aspirantes a alg\u00fan puesto popular busquen a Sheinbaum para que le palomen la candidatura porque traer\u00e1 bastante agenda. Record\u00f3 que a\u00fan falta por definir si en Culiac\u00e1n el candidato ser\u00e1 hombre o mujer y tambi\u00e9n que se cumplan con todos los procesos de Morena entre ellos ganar la encuesta.<\/p>\n","protected":false},"excerpt":{"rendered":"<p>Claudia Sheinbaum candidata a la presidencia de la Rep\u00fablica estar\u00e1 en Sinaloa este jueves, la aspirante a la alcald\u00eda de Culiac\u00e1n por Morena Teresa Guerra Ochoa no sabe si acudir\u00e1 al evento. En caso de hacerlo considera que tendr\u00eda que pedir permiso por ser un d\u00eda laboral. Considera que estar\u00eda mal que los aspirantes a<\/p>\n","protected":false},"author":6,"featured_media":101045,"comment_status":"closed","ping_status":"closed","sticky":false,"template":"","format":"standard","meta":{"footnotes":""},"categories":[31],"tags":[],"class_list":["post-101043","post","type-post","status-publish","format-standard","has-post-thumbnail","hentry","category-politica"],"_links":{"self":[{"href":"https:\/\/plataformanoticias.mx\/index.php?rest_route=\/wp\/v2\/posts\/101043","targetHints":{"allow":["GET"]}}],"collection":[{"href":"https:\/\/plataformanoticias.mx\/index.php?rest_route=\/wp\/v2\/posts"}],"about":[{"href":"https:\/\/plataformanoticias.mx\/index.php?rest_route=\/wp\/v2\/types\/post"}],"author":[{"embeddable":true,"href":"https:\/\/plataformanoticias.mx\/index.php?rest_route=\/wp\/v2\/users\/6"}],"replies":[{"embeddable":true,"href":"https:\/\/plataformanoticias.mx\/index.php?rest_route=%2Fwp%2Fv2%2Fcomments&post=101043"}],"version-history":[{"count":1,"href":"https:\/\/plataformanoticias.mx\/index.php?rest_route=\/wp\/v2\/posts\/101043\/revisions"}],"predecessor-version":[{"id":101046,"href":"https:\/\/plataformanoticias.mx\/index.php?rest_route=\/wp\/v2\/posts\/101043\/revisions\/101046"}],"wp:featuredmedia":[{"embeddable":true,"href":"https:\/\/plataformanoticias.mx\/index.php?rest_route=\/wp\/v2\/media\/101045"}],"wp:attachment":[{"href":"https:\/\/plataformanoticias.mx\/index.php?rest_route=%2Fwp%2Fv2%2Fmedia&parent=101043"}],"wp:term":[{"taxonomy":"category","embeddable":true,"href":"https:\/\/plataformanoticias.mx\/index.php?rest_route=%2Fwp%2Fv2%2Fcategories&post=101043"},{"taxonomy":"post_tag","embeddable":true,"href":"https:\/\/plataformanoticias.mx\/index.php?rest_route=%2Fwp%2Fv2%2Ftags&post=101043"}],"curies":[{"name":"wp","href":"https:\/\/api.w.org\/{rel}","templated":true}]}}