{"id":101047,"date":"2023-12-12T14:46:17","date_gmt":"2023-12-12T21:46:17","guid":{"rendered":"https:\/\/plataformanoticias.mx\/?p=101047"},"modified":"2023-12-12T14:46:17","modified_gmt":"2023-12-12T21:46:17","slug":"municipales-reforzar-vigilancia-en-el-sector-centro-en-los-mochis","status":"publish","type":"post","link":"https:\/\/plataformanoticias.mx\/?p=101047","title":{"rendered":"Municipales reforzar vigilancia en el sector centro en Los Mochis"},"content":{"rendered":"\n<p><\/p>\n\n\n\n<p><strong>Los Mochis, Sinaloa.<\/strong>&#8211; El alcalde de Ahome, Gerardo Vargas, se\u00f1al\u00f3 que en los pr\u00f3ximos d\u00edas se sumar\u00e1n estudiantes de la Universidad de la Polic\u00eda del Estado de Sinaloa (Unipol) y polic\u00edas jubilados para reforzar el operativo de vigilancia en Los Mochis con motivo de fiestas decembrinas.<br>Vargas Landeros se\u00f1al\u00f3 que esperan la llegada de unos 35 estudiantes de la Unipol.<br>\u201cEspero que la pr\u00f3xima semana ya se nos puedan incorporar. Vamos a ver cu\u00e1ntos son los que nos mandan, entiendo que m\u00ednimamente son 35 los que pudieran incorporarse a estas labores preventivas en nuestro municipio\u201d, coment\u00f3.<br>Asimismo, dijo que ya se ha hecho la invitaci\u00f3n a los polic\u00edas jubilados que deseen sumarse a estas labores de vigilancia durante este periodo.<br>&#8220;Les hacemos el atento llamado a aquellos que quieran incorporarse en esta \u00e9poca exclusivamente. Obviamente, pues ellos no pueden portar armas, pero s\u00ed nos pueden ayudar a dirigir el tr\u00e1fico, a estar atentos, a mandar algunas informaciones, aprovechar la experiencia que ellos tienen\u201d, expres\u00f3.<br>El alcalde Vargas apunt\u00f3 que aunque tradicionalmente el operativo de seguridad conocido como Guadalupe-Reyes inicia este 12 de diciembre, ha sido caracter\u00edstica de su administraci\u00f3n activarlo desde el primer d\u00eda de este mes, considerando que desde entonces empiezan a llegar los visitantes y empieza a moverse la econom\u00eda.<br>\u201cEstamos trabajando en equipo las corporaciones de los tres \u00f3rdenes de gobierno: Semar, Sedena, Guardia Nacional, Polic\u00eda Estatal, Polic\u00eda Municipal, Protecci\u00f3n Civil y otros organismos de apoyo; en comunidades rurales, colonias de Los Mochis, y en especial en sitios comerciales, plazas, bancos y puntos de gran concentraci\u00f3n de personas y movimiento de dinero, para garantizar la seguridad y protecci\u00f3n de toda la ciudadan\u00eda\u201d, enfatiz\u00f3.<\/p>\n","protected":false},"excerpt":{"rendered":"<p>Los Mochis, Sinaloa.&#8211; El alcalde de Ahome, Gerardo Vargas, se\u00f1al\u00f3 que en los pr\u00f3ximos d\u00edas se sumar\u00e1n estudiantes de la Universidad de la Polic\u00eda del Estado de Sinaloa (Unipol) y polic\u00edas jubilados para reforzar el operativo de vigilancia en Los Mochis con motivo de fiestas decembrinas.Vargas Landeros se\u00f1al\u00f3 que esperan la llegada de unos 35<\/p>\n","protected":false},"author":6,"featured_media":101049,"comment_status":"closed","ping_status":"closed","sticky":false,"template":"","format":"standard","meta":{"footnotes":""},"categories":[38],"tags":[],"class_list":["post-101047","post","type-post","status-publish","format-standard","has-post-thumbnail","hentry","category-locales"],"_links":{"self":[{"href":"https:\/\/plataformanoticias.mx\/index.php?rest_route=\/wp\/v2\/posts\/101047","targetHints":{"allow":["GET"]}}],"collection":[{"href":"https:\/\/plataformanoticias.mx\/index.php?rest_route=\/wp\/v2\/posts"}],"about":[{"href":"https:\/\/plataformanoticias.mx\/index.php?rest_route=\/wp\/v2\/types\/post"}],"author":[{"embeddable":true,"href":"https:\/\/plataformanoticias.mx\/index.php?rest_route=\/wp\/v2\/users\/6"}],"replies":[{"embeddable":true,"href":"https:\/\/plataformanoticias.mx\/index.php?rest_route=%2Fwp%2Fv2%2Fcomments&post=101047"}],"version-history":[{"count":1,"href":"https:\/\/plataformanoticias.mx\/index.php?rest_route=\/wp\/v2\/posts\/101047\/revisions"}],"predecessor-version":[{"id":101050,"href":"https:\/\/plataformanoticias.mx\/index.php?rest_route=\/wp\/v2\/posts\/101047\/revisions\/101050"}],"wp:featuredmedia":[{"embeddable":true,"href":"https:\/\/plataformanoticias.mx\/index.php?rest_route=\/wp\/v2\/media\/101049"}],"wp:attachment":[{"href":"https:\/\/plataformanoticias.mx\/index.php?rest_route=%2Fwp%2Fv2%2Fmedia&parent=101047"}],"wp:term":[{"taxonomy":"category","embeddable":true,"href":"https:\/\/plataformanoticias.mx\/index.php?rest_route=%2Fwp%2Fv2%2Fcategories&post=101047"},{"taxonomy":"post_tag","embeddable":true,"href":"https:\/\/plataformanoticias.mx\/index.php?rest_route=%2Fwp%2Fv2%2Ftags&post=101047"}],"curies":[{"name":"wp","href":"https:\/\/api.w.org\/{rel}","templated":true}]}}