{"id":101051,"date":"2023-12-12T14:56:07","date_gmt":"2023-12-12T21:56:07","guid":{"rendered":"https:\/\/plataformanoticias.mx\/?p=101051"},"modified":"2023-12-12T19:35:59","modified_gmt":"2023-12-13T02:35:59","slug":"piden-al-congreso-de-sinaloa-que-se-regulen-los-puntos-de-revision-en-las-carreteras","status":"publish","type":"post","link":"https:\/\/plataformanoticias.mx\/?p=101051","title":{"rendered":"Piden al Congreso de Sinaloa que se regulen los puntos de revisi\u00f3n en las carreteras"},"content":{"rendered":"\n<p><\/p>\n\n\n\n<p><strong>Culiac\u00e1n,  Sinaloa.- <\/strong>Tras la exigencia de los paisanos provenientes de Estados Unidos que solicitaron certeza jur\u00eddica y estado de derecho en los retenes colocados en las carreteras de Sinaloa, el presidente de la Comisi\u00f3n de Asuntos Migratorios, C\u00e9sar Ismael Guerrero Alarc\u00f3n, respald\u00f3 al gobernador Rub\u00e9n Rocha Moya de se quiten los retenes ante las quejas de corrupci\u00f3n y solamente se coloquen puntos de revisi\u00f3n, no usen capuchas y se regulen con una coordinaci\u00f3n entre las autoridades estatales y municipales.<br>Respald\u00f3 la petici\u00f3n del mandatario estatal que se suman los diputados, debido a que vienen los mexicanos que viven en el extranjero y cualquier usuario de las carreteras para lograr un libre tr\u00e1nsito.<br>Insisti\u00f3 que los retenes est\u00e1n prohibidos y no existen establecidos en ninguna ley, pero dentro de los acuerdos normativos de seguridad con Guardia Nacional y Fiscal\u00eda General de la Rep\u00fablica existen los puntos de revisi\u00f3n, que en este punto, el legislador realiz\u00f3 un llamado a las autoridades federales sobre la productividad de estos retenes para hacer una evaluaci\u00f3n concreta de los objetivos a cumplir.<br>Los retenes deben tener m\u00e1s log\u00edstica, como el de Querobabi en Sonora, que cuenta con elementos de rayos x pare evitar largas filas y que cuiden el transitar de las personas.<br>Precis\u00f3 que, en el ret\u00e9n de Las Brisas, Guasave se hab\u00eda corroborado la existencia de acciones negativas hacia los usuarios de las carreteras, encapuchados y quienes estaban ah\u00ed no se pudieron identificar, que con el anuncio del gobernador de que los retenes no deben imperar en el estado, pero aclar\u00f3 que este ret\u00e9n no se encuentra.<\/p>\n\n\n\n<p>Se tiene conocimiento, que en el Valle del Carrizo se coloca un ret\u00e9n en el poblado Cinco, ejido Chihuahuita, Ahome, y en el Desenga\u00f1o en militar que es permanente, que desde hace muchos a\u00f1os se ha intentado retirar.<br>Destac\u00f3 que ya se reunieron con el delegado de la Fiscal\u00eda General de la Rep\u00fablica que hablaron de este tema y la presencia de las autoridades que fortalece la seguridad, pero en este punto tiene que existir la certidumbre de que los migrantes puedan acudir con estas autoridades con la confianza de que puedan denunciar cualquier hecho.<br>Se requiere solicitar a los elementos que est\u00e1n o que pongan en estos retenes que respeten los derechos humanos y que est\u00e9n para salvaguardar la seguridad de los usuarios de las carreteras.<\/p>\n","protected":false},"excerpt":{"rendered":"<p>Culiac\u00e1n, Sinaloa.- Tras la exigencia de los paisanos provenientes de Estados Unidos que solicitaron certeza jur\u00eddica y estado de derecho en los retenes colocados en las carreteras de Sinaloa, el presidente de la Comisi\u00f3n de Asuntos Migratorios, C\u00e9sar Ismael Guerrero Alarc\u00f3n, respald\u00f3 al gobernador Rub\u00e9n Rocha Moya de se quiten los retenes ante las quejas<\/p>\n","protected":false},"author":6,"featured_media":101056,"comment_status":"closed","ping_status":"closed","sticky":false,"template":"","format":"standard","meta":{"footnotes":""},"categories":[28],"tags":[],"class_list":["post-101051","post","type-post","status-publish","format-standard","has-post-thumbnail","hentry","category-centro"],"_links":{"self":[{"href":"https:\/\/plataformanoticias.mx\/index.php?rest_route=\/wp\/v2\/posts\/101051","targetHints":{"allow":["GET"]}}],"collection":[{"href":"https:\/\/plataformanoticias.mx\/index.php?rest_route=\/wp\/v2\/posts"}],"about":[{"href":"https:\/\/plataformanoticias.mx\/index.php?rest_route=\/wp\/v2\/types\/post"}],"author":[{"embeddable":true,"href":"https:\/\/plataformanoticias.mx\/index.php?rest_route=\/wp\/v2\/users\/6"}],"replies":[{"embeddable":true,"href":"https:\/\/plataformanoticias.mx\/index.php?rest_route=%2Fwp%2Fv2%2Fcomments&post=101051"}],"version-history":[{"count":1,"href":"https:\/\/plataformanoticias.mx\/index.php?rest_route=\/wp\/v2\/posts\/101051\/revisions"}],"predecessor-version":[{"id":101054,"href":"https:\/\/plataformanoticias.mx\/index.php?rest_route=\/wp\/v2\/posts\/101051\/revisions\/101054"}],"wp:featuredmedia":[{"embeddable":true,"href":"https:\/\/plataformanoticias.mx\/index.php?rest_route=\/wp\/v2\/media\/101056"}],"wp:attachment":[{"href":"https:\/\/plataformanoticias.mx\/index.php?rest_route=%2Fwp%2Fv2%2Fmedia&parent=101051"}],"wp:term":[{"taxonomy":"category","embeddable":true,"href":"https:\/\/plataformanoticias.mx\/index.php?rest_route=%2Fwp%2Fv2%2Fcategories&post=101051"},{"taxonomy":"post_tag","embeddable":true,"href":"https:\/\/plataformanoticias.mx\/index.php?rest_route=%2Fwp%2Fv2%2Ftags&post=101051"}],"curies":[{"name":"wp","href":"https:\/\/api.w.org\/{rel}","templated":true}]}}