{"id":101057,"date":"2023-12-12T19:55:57","date_gmt":"2023-12-13T02:55:57","guid":{"rendered":"https:\/\/plataformanoticias.mx\/?p=101057"},"modified":"2023-12-12T19:55:58","modified_gmt":"2023-12-13T02:55:58","slug":"vecinos-y-comerciantes-celebran-apertura-del-blvd-rosales-tras-rehabilitacion-integral","status":"publish","type":"post","link":"https:\/\/plataformanoticias.mx\/?p=101057","title":{"rendered":"Vecinos y comerciantes celebran apertura del Blvd. Rosales tras rehabilitaci\u00f3n integral."},"content":{"rendered":"\n<p><\/p>\n\n\n\n<p><strong><em>*El\u00a0Alcalde Gerardo Vargas Landeros encabez\u00f3 la apertura\u00a0del cuerpo poniente de esta vialidad en el tramo que va de Agustina Ram\u00edrez a Pedro Anaya\u2026<\/em><\/strong><\/p>\n\n\n\n<figure class=\"wp-block-image size-full\"><img loading=\"lazy\" decoding=\"async\" width=\"1024\" height=\"683\" src=\"https:\/\/plataformanoticias.mx\/wp-content\/uploads\/2023\/12\/18cc95e3-34d9-470a-8983-19b6835aca97.jpeg\" alt=\"\" class=\"wp-image-101059\" srcset=\"https:\/\/plataformanoticias.mx\/wp-content\/uploads\/2023\/12\/18cc95e3-34d9-470a-8983-19b6835aca97.jpeg 1024w, https:\/\/plataformanoticias.mx\/wp-content\/uploads\/2023\/12\/18cc95e3-34d9-470a-8983-19b6835aca97-300x200.jpeg 300w, https:\/\/plataformanoticias.mx\/wp-content\/uploads\/2023\/12\/18cc95e3-34d9-470a-8983-19b6835aca97-768x512.jpeg 768w\" sizes=\"auto, (max-width: 1024px) 100vw, 1024px\" \/><\/figure>\n\n\n\n<p><strong>Los Mochis<\/strong><strong>, Ahome<\/strong><strong>,<\/strong><strong>\u00a0<\/strong><strong>Sinaloa<\/strong><strong>.-\u00a0<\/strong>Acompa\u00f1ado de locatarios y vecinos del sectorAlameda, el Presidente Municipal\u00a0de Ahome, C. Gerardo Octavio Vargas Landeros, abri\u00f3 a la circulaci\u00f3n\u00a0el cuerpo poniente del bulevar Antonio Rosales, en el tramo que va de Agustina Ram\u00edrez y Pedro\u00a0Anaya.<\/p>\n\n\n\n<p>El mun\u00edcipe&nbsp;inform\u00f3 que estos trabajos tuvieron una inversi\u00f3n aproximada de 30 millones de pesos, recurso que aport\u00f3 el Gobierno&nbsp;del Estado,&nbsp;encabezado por el doctor Rub\u00e9n Rocha Moya.<\/p>\n\n\n\n<p>\u201cHoy es una realidad, el Gobernador Rocha quiso que tuvi\u00e9ramos concreto hidr\u00e1ulico y ya lo tenemos,&nbsp;nos llega en un momento muy oportuno como es la Navidad, as\u00ed que la verdad mi agradecimiento al Gobernador, a la ciudadan\u00eda por su comprensi\u00f3n,&nbsp;que nos esper\u00f3 estos cuatro meses,&nbsp;y ya tenemos una&nbsp;vialidad&nbsp;de&nbsp;primera&nbsp;calidad\u201d, manifest\u00f3 Vargas Landeros.<\/p>\n\n\n\n<p>El Alcalde de Ahome aprovech\u00f3 para hacer el compromiso de que el cuerpo oriente, el que va de sur a norte, quedar\u00e1 abierto a la circulaci\u00f3n el 24 de\u00a0diciembre.<\/p>\n\n\n\n<figure class=\"wp-block-image size-full\"><img loading=\"lazy\" decoding=\"async\" width=\"1024\" height=\"683\" src=\"https:\/\/plataformanoticias.mx\/wp-content\/uploads\/2023\/12\/188f537f-4912-4205-9932-56b4749421bf.jpeg\" alt=\"\" class=\"wp-image-101060\" srcset=\"https:\/\/plataformanoticias.mx\/wp-content\/uploads\/2023\/12\/188f537f-4912-4205-9932-56b4749421bf.jpeg 1024w, https:\/\/plataformanoticias.mx\/wp-content\/uploads\/2023\/12\/188f537f-4912-4205-9932-56b4749421bf-300x200.jpeg 300w, https:\/\/plataformanoticias.mx\/wp-content\/uploads\/2023\/12\/188f537f-4912-4205-9932-56b4749421bf-768x512.jpeg 768w\" sizes=\"auto, (max-width: 1024px) 100vw, 1024px\" \/><\/figure>\n\n\n\n<p>Explic\u00f3 que en este caso del carril que hoy se abri\u00f3, el cual va de norte a sur,&nbsp;\u00fanicamente quedar\u00e1 en un sentido, toda vez que es un mes donde circulan hasta 8 mil veh\u00edculos al d\u00eda sobre dicha vialidad.<\/p>\n\n\n\n<p>Por su parte&nbsp;Jaime Romero Barrera,&nbsp;Secretario de Obras P\u00fablicas, Urbanismo y Ecolog\u00eda, detall\u00f3 que es una obra con&nbsp;concreto hidr\u00e1ulico,&nbsp;con una longitud de 750 metros&nbsp;lineales por cada carril, en total kil\u00f3metro y medio, la cual tendr\u00e1 una vida \u00fatil de aproximadamente 50 a\u00f1os.<\/p>\n\n\n\n<p>En el lugar se encontraban presentes Salvador Villegas, locatario del&nbsp;sector, as\u00ed como&nbsp;Leobardo Miranda,&nbsp;Presidente del Consejo Empresarial Restaurantero, quienes&nbsp;se dijeron contentos&nbsp;de la apertura de este tramo, ya que representa un flujo de personas que acudir\u00e1n a los comercios de esa zona.<\/p>\n\n\n\n<p>Tambi\u00e9n destacaron que el trabajo que realiza el Gobierno Municipal que encabeza el Presidente Gerardo Vargas se nota, por lo que se dijeron confiados de que continuar\u00e1n este tipo de obras en el resto del municipio.<\/p>\n","protected":false},"excerpt":{"rendered":"<p>*El\u00a0Alcalde Gerardo Vargas Landeros encabez\u00f3 la apertura\u00a0del cuerpo poniente de esta vialidad en el tramo que va de Agustina Ram\u00edrez a Pedro Anaya\u2026 Los Mochis, Ahome,\u00a0Sinaloa.-\u00a0Acompa\u00f1ado de locatarios y vecinos del sectorAlameda, el Presidente Municipal\u00a0de Ahome, C. Gerardo Octavio Vargas Landeros, abri\u00f3 a la circulaci\u00f3n\u00a0el cuerpo poniente del bulevar Antonio Rosales, en el tramo que<\/p>\n","protected":false},"author":6,"featured_media":101061,"comment_status":"closed","ping_status":"closed","sticky":false,"template":"","format":"standard","meta":{"footnotes":""},"categories":[38],"tags":[],"class_list":["post-101057","post","type-post","status-publish","format-standard","has-post-thumbnail","hentry","category-locales"],"_links":{"self":[{"href":"https:\/\/plataformanoticias.mx\/index.php?rest_route=\/wp\/v2\/posts\/101057","targetHints":{"allow":["GET"]}}],"collection":[{"href":"https:\/\/plataformanoticias.mx\/index.php?rest_route=\/wp\/v2\/posts"}],"about":[{"href":"https:\/\/plataformanoticias.mx\/index.php?rest_route=\/wp\/v2\/types\/post"}],"author":[{"embeddable":true,"href":"https:\/\/plataformanoticias.mx\/index.php?rest_route=\/wp\/v2\/users\/6"}],"replies":[{"embeddable":true,"href":"https:\/\/plataformanoticias.mx\/index.php?rest_route=%2Fwp%2Fv2%2Fcomments&post=101057"}],"version-history":[{"count":1,"href":"https:\/\/plataformanoticias.mx\/index.php?rest_route=\/wp\/v2\/posts\/101057\/revisions"}],"predecessor-version":[{"id":101062,"href":"https:\/\/plataformanoticias.mx\/index.php?rest_route=\/wp\/v2\/posts\/101057\/revisions\/101062"}],"wp:featuredmedia":[{"embeddable":true,"href":"https:\/\/plataformanoticias.mx\/index.php?rest_route=\/wp\/v2\/media\/101061"}],"wp:attachment":[{"href":"https:\/\/plataformanoticias.mx\/index.php?rest_route=%2Fwp%2Fv2%2Fmedia&parent=101057"}],"wp:term":[{"taxonomy":"category","embeddable":true,"href":"https:\/\/plataformanoticias.mx\/index.php?rest_route=%2Fwp%2Fv2%2Fcategories&post=101057"},{"taxonomy":"post_tag","embeddable":true,"href":"https:\/\/plataformanoticias.mx\/index.php?rest_route=%2Fwp%2Fv2%2Ftags&post=101057"}],"curies":[{"name":"wp","href":"https:\/\/api.w.org\/{rel}","templated":true}]}}