{"id":101066,"date":"2023-12-12T20:14:55","date_gmt":"2023-12-13T03:14:55","guid":{"rendered":"https:\/\/plataformanoticias.mx\/?p=101066"},"modified":"2023-12-12T20:14:56","modified_gmt":"2023-12-13T03:14:56","slug":"en-ahome-el-operativo-de-seguridad-de-fin-de-ano-esta-activo-desde-el-1-de-diciembre","status":"publish","type":"post","link":"https:\/\/plataformanoticias.mx\/?p=101066","title":{"rendered":"En Ahome el operativo de seguridad de fin de a\u00f1o est\u00e1 activo desde el 1 de diciembre."},"content":{"rendered":"\n<p><strong><em>As\u00ed lo inform\u00f3 el Alcalde Gerardo Vargas Landeros, quien pidi\u00f3 a la ciudadan\u00eda que se cuide y conf\u00ede en que la autoridad est\u00e1 atenta para que todo transcurra en orden\u2026<\/em><\/strong><\/p>\n\n\n\n<p>Referente al tema, el Alcalde Gerardo Octavio Vargas Landeros, dijo que el tradicional operativo de seguridad, conocido como Guadalupe-Reyes, que inicia este 12 de diciembre, D\u00eda de Guadalupe, en el estado de Sinaloa, para garantizar la seguridad y protecci\u00f3n en estas fechas de fiestas decembrinas y de a\u00f1o nuevo, en el Municipio de Ahome, tal operativo est\u00e1 en funcionamiento desde inicio de diciembre, ya que los visitantes comenzaron a llegar a la localidad en esas fechas.<\/p>\n\n\n\n<p>\u201cEstamos trabajando en equipo las corporaciones de los tres \u00f3rdenes de gobierno, SEMAR, SEDENA, Guardia Nacional, Polic\u00eda Estatal, Polic\u00eda Municipal, Protecci\u00f3n Civil y otros organismos de apoyo, en comunidades rurales, colonias de Los Mochis, y en especial en sitios comerciales, plazas, bancos y puntos de gran concentraci\u00f3n de personas y movimiento de dinero, para garantizar la seguridad y protecci\u00f3n de toda la ciudadan\u00eda\u201d, subray\u00f3 Gerardo Vargas.<\/p>\n\n\n\n<figure class=\"wp-block-gallery has-nested-images columns-default is-cropped wp-block-gallery-1 is-layout-flex wp-block-gallery-is-layout-flex\">\n<figure class=\"wp-block-image size-large\"><img loading=\"lazy\" decoding=\"async\" width=\"1024\" height=\"685\" data-id=\"101068\" src=\"https:\/\/plataformanoticias.mx\/wp-content\/uploads\/2023\/12\/8CD8C224-4951-467D-A741-E2CB6DDAE176.jpeg\" alt=\"\" class=\"wp-image-101068\" srcset=\"https:\/\/plataformanoticias.mx\/wp-content\/uploads\/2023\/12\/8CD8C224-4951-467D-A741-E2CB6DDAE176.jpeg 1024w, https:\/\/plataformanoticias.mx\/wp-content\/uploads\/2023\/12\/8CD8C224-4951-467D-A741-E2CB6DDAE176-300x201.jpeg 300w, https:\/\/plataformanoticias.mx\/wp-content\/uploads\/2023\/12\/8CD8C224-4951-467D-A741-E2CB6DDAE176-768x514.jpeg 768w\" sizes=\"auto, (max-width: 1024px) 100vw, 1024px\" \/><\/figure>\n<\/figure>\n\n\n\n<p>El Presidente coment\u00f3 que la vigilancia, la limpieza, la iluminaci\u00f3n y las acciones de protecci\u00f3n ciudadana est\u00e1n caminando satisfactoriamente, y que la \u00fanica instrucci\u00f3n y solicitud a la ciudadan\u00eda es que se divierta en sana convivencia familiar, que se cuide, y que conf\u00ede en que las autoridades est\u00e1n trabajando para que todo transcurra de la mejor manera.<\/p>\n\n\n\n<p>Por \u00faltimo, Vargas Landeros, dijo que espera que este fin de a\u00f1o se incorporen algunos estudiantes de la Academia de Polic\u00eda de Sinaloa, para reforzar el operativo.<\/p>\n\n\n\n<p>Referente al tema de que se retiren o muevan los puestos de vigilancia policial de la federaci\u00f3n en la carretera frente a las comunidades del&nbsp;Valle del&nbsp;Carrizo, y otras regiones de&nbsp;Sinaloa, para agilizar el tr\u00e1nsito vehicular, tal como lo ha solicitado el Gobernador Rub\u00e9n Rocha Moya, coment\u00f3 que est\u00e1 de acuerdo y que de hecho el a\u00f1o pasado se logr\u00f3 tal solicitud.<\/p>\n","protected":false},"excerpt":{"rendered":"<p>As\u00ed lo inform\u00f3 el Alcalde Gerardo Vargas Landeros, quien pidi\u00f3 a la ciudadan\u00eda que se cuide y conf\u00ede en que la autoridad est\u00e1 atenta para que todo transcurra en orden\u2026 Referente al tema, el Alcalde Gerardo Octavio Vargas Landeros, dijo que el tradicional operativo de seguridad, conocido como Guadalupe-Reyes, que inicia este 12 de diciembre,<\/p>\n","protected":false},"author":6,"featured_media":101069,"comment_status":"closed","ping_status":"closed","sticky":false,"template":"","format":"standard","meta":{"footnotes":""},"categories":[38],"tags":[],"class_list":["post-101066","post","type-post","status-publish","format-standard","has-post-thumbnail","hentry","category-locales"],"_links":{"self":[{"href":"https:\/\/plataformanoticias.mx\/index.php?rest_route=\/wp\/v2\/posts\/101066","targetHints":{"allow":["GET"]}}],"collection":[{"href":"https:\/\/plataformanoticias.mx\/index.php?rest_route=\/wp\/v2\/posts"}],"about":[{"href":"https:\/\/plataformanoticias.mx\/index.php?rest_route=\/wp\/v2\/types\/post"}],"author":[{"embeddable":true,"href":"https:\/\/plataformanoticias.mx\/index.php?rest_route=\/wp\/v2\/users\/6"}],"replies":[{"embeddable":true,"href":"https:\/\/plataformanoticias.mx\/index.php?rest_route=%2Fwp%2Fv2%2Fcomments&post=101066"}],"version-history":[{"count":1,"href":"https:\/\/plataformanoticias.mx\/index.php?rest_route=\/wp\/v2\/posts\/101066\/revisions"}],"predecessor-version":[{"id":101070,"href":"https:\/\/plataformanoticias.mx\/index.php?rest_route=\/wp\/v2\/posts\/101066\/revisions\/101070"}],"wp:featuredmedia":[{"embeddable":true,"href":"https:\/\/plataformanoticias.mx\/index.php?rest_route=\/wp\/v2\/media\/101069"}],"wp:attachment":[{"href":"https:\/\/plataformanoticias.mx\/index.php?rest_route=%2Fwp%2Fv2%2Fmedia&parent=101066"}],"wp:term":[{"taxonomy":"category","embeddable":true,"href":"https:\/\/plataformanoticias.mx\/index.php?rest_route=%2Fwp%2Fv2%2Fcategories&post=101066"},{"taxonomy":"post_tag","embeddable":true,"href":"https:\/\/plataformanoticias.mx\/index.php?rest_route=%2Fwp%2Fv2%2Ftags&post=101066"}],"curies":[{"name":"wp","href":"https:\/\/api.w.org\/{rel}","templated":true}]}}