{"id":101071,"date":"2023-12-12T20:17:02","date_gmt":"2023-12-13T03:17:02","guid":{"rendered":"https:\/\/plataformanoticias.mx\/?p=101071"},"modified":"2023-12-12T20:17:03","modified_gmt":"2023-12-13T03:17:03","slug":"en-bachomobampo-2-inicia-el-programa-cenas-navidenas-2023-a-cargo-de-dif-ahome","status":"publish","type":"post","link":"https:\/\/plataformanoticias.mx\/?p=101071","title":{"rendered":"En\u00a0Bachomobampo\u00a02 inicia el Programa \u201cCenas Navide\u00f1as 2023\u201d a cargo de DIF Ahome."},"content":{"rendered":"\n<p><strong>El objetivo de esta actividad es que familias del municipio cuenten con un plato de comida caliente durante la nochebuena.<\/strong><\/p>\n\n\n\n<p>Por instrucciones del\u00a0Alcalde\u00a0Gerardo Vargas Landeros y su esposa Sra. M\u00f3nica Torres de Vargas Pdta. del Sistema DIF Ahome, se puso en marcha el programa \u201cCenas Navide\u00f1as 2023\u201d,\u00a0a trav\u00e9s del cual se\u00a0asignan\u00a0paquetes pozoleros a familias de comunidades rurales del municipio\u00a0que necesitan de este apoyo.<\/p>\n\n\n\n<p>Durante la primera entrega que tuvo lugar en&nbsp;Bachomobampo&nbsp;2, Fernanda Garc\u00eda F\u00e9lix&nbsp;Directora de DIF Ahome&nbsp;record\u00f3 que desde el inicio de la Administraci\u00f3n 2021-2024,&nbsp;durante las fiestas decembrinas,&nbsp;esta instituci\u00f3n&nbsp;se ha encargado de llevar un plato de comida caliente a familias sobre todo del medio rural,&nbsp;dijo que el objetivo del programa se ha cumplido&nbsp;y muestra&nbsp;de ello son los rostros de felicidad&nbsp;que se observan en cada lugar que se visita.<\/p>\n\n\n\n<p>Como parte del grupo de\u00a0beneficiados\u00a0Ana Mar\u00eda P\u00e9rez\u00a0P\u00e9rez,\u00a0agradeci\u00f3 que\u00a0se haya incluido a\u00a0Bachomobampo\u00a02 en el programa\u00a0\u201cCenas\u00a0Navide\u00f1as 2023\u201d,\u00a0dijo\u00a0que para todos fue una sorpresa ver llegar\u00a0al\u00a0DIF\u00a0para\u00a0distribuir en forma personal el apoyo.<\/p>\n\n\n\n<figure class=\"wp-block-image size-full\"><img loading=\"lazy\" decoding=\"async\" width=\"1024\" height=\"682\" src=\"https:\/\/plataformanoticias.mx\/wp-content\/uploads\/2023\/12\/DC8C6470-2BD1-493A-BE63-E39463D802B2.jpeg\" alt=\"\" class=\"wp-image-101073\" srcset=\"https:\/\/plataformanoticias.mx\/wp-content\/uploads\/2023\/12\/DC8C6470-2BD1-493A-BE63-E39463D802B2.jpeg 1024w, https:\/\/plataformanoticias.mx\/wp-content\/uploads\/2023\/12\/DC8C6470-2BD1-493A-BE63-E39463D802B2-300x200.jpeg 300w, https:\/\/plataformanoticias.mx\/wp-content\/uploads\/2023\/12\/DC8C6470-2BD1-493A-BE63-E39463D802B2-768x512.jpeg 768w\" sizes=\"auto, (max-width: 1024px) 100vw, 1024px\" \/><\/figure>\n\n\n\n<p>\u201c<em>Ahora nos traen las cenas, pues es un regalo muy grande, esto me cae muy bien, mas en estas fechas que se re\u00fanen las familias, que sigan trabajando con gusto y amor al pueblo, todos nos vamos contentos, hace rato que no pasaba algo as\u00ed<\/em>\u201d expres\u00f3 la ama de casa.<\/p>\n\n\n\n<p>Tambi\u00e9n&nbsp;Rosario Zambrano Valenzuela&nbsp;coment\u00f3 que se sent\u00eda muy contenta por haber sido incluida entre las personas que recibieron el paquete pozolero.<\/p>\n\n\n\n<p>\u201c<em>Nos dieron u<\/em><em>na bolsa&nbsp;<\/em><em>bien surtida, esto no&nbsp;<\/em><em>lo<\/em><em>&nbsp;esperaba, estoy muy contenta, este programa es muy bueno, gracias a quienes<\/em><em>&nbsp;lo<\/em><em>&nbsp;hacen posible<\/em><em>,<\/em><em>&nbsp;todos nos vamos felices porque tendremos cenita caliente este 24 de diciembre<\/em>\u201d se\u00f1al\u00f3 al final la adulta mayor.<\/p>\n\n\n\n<p>Cabe se\u00f1alar que&nbsp;en esta&nbsp;primera entrega<a><\/a>&nbsp;tambi\u00e9n estuvo presente&nbsp;Alba Luz Mart\u00ednez Le\u00f3n Coordinadora General de DIF Ahome,&nbsp;adem\u00e1s de personal de las&nbsp;distintas&nbsp;\u00e1reas&nbsp;que&nbsp;tienen a su cargo&nbsp;este programa&nbsp;social.<\/p>\n","protected":false},"excerpt":{"rendered":"<p>El objetivo de esta actividad es que familias del municipio cuenten con un plato de comida caliente durante la nochebuena. Por instrucciones del\u00a0Alcalde\u00a0Gerardo Vargas Landeros y su esposa Sra. M\u00f3nica Torres de Vargas Pdta. del Sistema DIF Ahome, se puso en marcha el programa \u201cCenas Navide\u00f1as 2023\u201d,\u00a0a trav\u00e9s del cual se\u00a0asignan\u00a0paquetes pozoleros a familias de<\/p>\n","protected":false},"author":6,"featured_media":101074,"comment_status":"closed","ping_status":"closed","sticky":false,"template":"","format":"standard","meta":{"footnotes":""},"categories":[38],"tags":[],"class_list":["post-101071","post","type-post","status-publish","format-standard","has-post-thumbnail","hentry","category-locales"],"_links":{"self":[{"href":"https:\/\/plataformanoticias.mx\/index.php?rest_route=\/wp\/v2\/posts\/101071","targetHints":{"allow":["GET"]}}],"collection":[{"href":"https:\/\/plataformanoticias.mx\/index.php?rest_route=\/wp\/v2\/posts"}],"about":[{"href":"https:\/\/plataformanoticias.mx\/index.php?rest_route=\/wp\/v2\/types\/post"}],"author":[{"embeddable":true,"href":"https:\/\/plataformanoticias.mx\/index.php?rest_route=\/wp\/v2\/users\/6"}],"replies":[{"embeddable":true,"href":"https:\/\/plataformanoticias.mx\/index.php?rest_route=%2Fwp%2Fv2%2Fcomments&post=101071"}],"version-history":[{"count":1,"href":"https:\/\/plataformanoticias.mx\/index.php?rest_route=\/wp\/v2\/posts\/101071\/revisions"}],"predecessor-version":[{"id":101075,"href":"https:\/\/plataformanoticias.mx\/index.php?rest_route=\/wp\/v2\/posts\/101071\/revisions\/101075"}],"wp:featuredmedia":[{"embeddable":true,"href":"https:\/\/plataformanoticias.mx\/index.php?rest_route=\/wp\/v2\/media\/101074"}],"wp:attachment":[{"href":"https:\/\/plataformanoticias.mx\/index.php?rest_route=%2Fwp%2Fv2%2Fmedia&parent=101071"}],"wp:term":[{"taxonomy":"category","embeddable":true,"href":"https:\/\/plataformanoticias.mx\/index.php?rest_route=%2Fwp%2Fv2%2Fcategories&post=101071"},{"taxonomy":"post_tag","embeddable":true,"href":"https:\/\/plataformanoticias.mx\/index.php?rest_route=%2Fwp%2Fv2%2Ftags&post=101071"}],"curies":[{"name":"wp","href":"https:\/\/api.w.org\/{rel}","templated":true}]}}