{"id":101157,"date":"2023-12-14T21:31:45","date_gmt":"2023-12-15T04:31:45","guid":{"rendered":"https:\/\/plataformanoticias.mx\/?p=101157"},"modified":"2023-12-14T21:31:47","modified_gmt":"2023-12-15T04:31:47","slug":"demandan-freno-de-importaciones-de-camaron-a-claudia-sheinbaum","status":"publish","type":"post","link":"https:\/\/plataformanoticias.mx\/?p=101157","title":{"rendered":"Demandan freno de importaciones de camar\u00f3n a Claudia Sheinbaum"},"content":{"rendered":"\n<p>Freno a la importaci\u00f3n de camar\u00f3n procedente de centroam\u00e9rica demand\u00f3 el sector pesquero y<br>Acu\u00edcola de Sinaloa a la candidata presidencial Claudia Sheinbaum Pardo.<br>La demanda y solicitud de apoyo fue expuesta por Luis Campos, directivo de la Asociaci\u00f3n de Acuacultores del municipio de Ahome, en el encuentro sostenido con la representante presidencial de la 4T con el sector pesquero y acuicola del noroeste del pa\u00eds.<br>El empresario acu\u00edcola se\u00f1al\u00f3 que hoy como nunca los pescadores y los acuacultores enfrentan serios problemas econ\u00f3micos como consecuencia de estas importaciones desleales que se realizan del crust\u00e1ceo desde Centroam\u00e9rica.<br>Indic\u00f3 que incluso la actividad se encuentra en riesgo de desaparecer por lo que demandan su intervenci\u00f3n para que se respete el amparo ya otorgado por una instancia federal, el cual no est\u00e1 siendo respetado en las aduanas.<br>Pidi\u00f3 su firme intervenci\u00f3n ante esta instancia para que este amparo se respete y se aplique porque no es posible de que la producci\u00f3n nacional est\u00e9 siendo desbancada del mercado por el producto proveniente de Centroam\u00e9rica, de cu\u00e1l desconocen su sanidad y el riesgo que podr\u00eda representar para los consumidores.<br>En el encuentro participaron adem\u00e1s dirigentes pesqueros de bah\u00edas y de altamar de Sinaloa, Sonora y Nayarit, encabezados por Jos\u00e9 Alfonso chaparro boj\u00f3rquez, presidente de la Federaci\u00f3n de Cooperativas Pesqueras Siglo XXI, Leonel S\u00e1nchez, de la Federaci\u00f3n de Cooperativas Pesqueras del norte de Sinaloa y sur de Sonora.<\/p>\n","protected":false},"excerpt":{"rendered":"<p>Freno a la importaci\u00f3n de camar\u00f3n procedente de centroam\u00e9rica demand\u00f3 el sector pesquero yAcu\u00edcola de Sinaloa a la candidata presidencial Claudia Sheinbaum Pardo.La demanda y solicitud de apoyo fue expuesta por Luis Campos, directivo de la Asociaci\u00f3n de Acuacultores del municipio de Ahome, en el encuentro sostenido con la representante presidencial de la 4T con<\/p>\n","protected":false},"author":6,"featured_media":101160,"comment_status":"closed","ping_status":"closed","sticky":false,"template":"","format":"standard","meta":{"footnotes":""},"categories":[31],"tags":[],"class_list":["post-101157","post","type-post","status-publish","format-standard","has-post-thumbnail","hentry","category-politica"],"_links":{"self":[{"href":"https:\/\/plataformanoticias.mx\/index.php?rest_route=\/wp\/v2\/posts\/101157","targetHints":{"allow":["GET"]}}],"collection":[{"href":"https:\/\/plataformanoticias.mx\/index.php?rest_route=\/wp\/v2\/posts"}],"about":[{"href":"https:\/\/plataformanoticias.mx\/index.php?rest_route=\/wp\/v2\/types\/post"}],"author":[{"embeddable":true,"href":"https:\/\/plataformanoticias.mx\/index.php?rest_route=\/wp\/v2\/users\/6"}],"replies":[{"embeddable":true,"href":"https:\/\/plataformanoticias.mx\/index.php?rest_route=%2Fwp%2Fv2%2Fcomments&post=101157"}],"version-history":[{"count":1,"href":"https:\/\/plataformanoticias.mx\/index.php?rest_route=\/wp\/v2\/posts\/101157\/revisions"}],"predecessor-version":[{"id":101161,"href":"https:\/\/plataformanoticias.mx\/index.php?rest_route=\/wp\/v2\/posts\/101157\/revisions\/101161"}],"wp:featuredmedia":[{"embeddable":true,"href":"https:\/\/plataformanoticias.mx\/index.php?rest_route=\/wp\/v2\/media\/101160"}],"wp:attachment":[{"href":"https:\/\/plataformanoticias.mx\/index.php?rest_route=%2Fwp%2Fv2%2Fmedia&parent=101157"}],"wp:term":[{"taxonomy":"category","embeddable":true,"href":"https:\/\/plataformanoticias.mx\/index.php?rest_route=%2Fwp%2Fv2%2Fcategories&post=101157"},{"taxonomy":"post_tag","embeddable":true,"href":"https:\/\/plataformanoticias.mx\/index.php?rest_route=%2Fwp%2Fv2%2Ftags&post=101157"}],"curies":[{"name":"wp","href":"https:\/\/api.w.org\/{rel}","templated":true}]}}