{"id":138209,"date":"2026-04-24T17:32:45","date_gmt":"2026-04-25T00:32:45","guid":{"rendered":"https:\/\/plataformanoticias.mx\/?p=138209"},"modified":"2026-04-24T17:32:45","modified_gmt":"2026-04-25T00:32:45","slug":"que-nos-regresen-a-omar-alberto-familiares-y-amigos-marcharon-a-la-vicefiscalia-zona-norte","status":"publish","type":"post","link":"https:\/\/plataformanoticias.mx\/?p=138209","title":{"rendered":"\u201cQue nos regresen a Omar Alberto\u201d Familiares y amigos marcharon a la vicefiscalia zona norte"},"content":{"rendered":"<p>En Los Mochis, familiares y amigos de Omar Alberto Acosta realizaron una manifestaci\u00f3n pac\u00edfica frente a las instalaciones de la Vicefiscal\u00eda Zona Norte, al cumplirse ocho d\u00edas de su desaparici\u00f3n.<\/p>\n<p>Vestidos de blanco y portando pancartas, los participantes recorrieron diversas calles de la ciudad con el objetivo de visibilizar el caso y exigir avances en las investigaciones.<\/p>\n<p><img loading=\"lazy\" decoding=\"async\" class=\"alignnone size-medium wp-image-138212\" src=\"https:\/\/plataformanoticias.mx\/wp-content\/uploads\/2026\/04\/IMG_6147-300x169.jpeg\" alt=\"\" width=\"300\" height=\"169\" srcset=\"https:\/\/plataformanoticias.mx\/wp-content\/uploads\/2026\/04\/IMG_6147-300x169.jpeg 300w, https:\/\/plataformanoticias.mx\/wp-content\/uploads\/2026\/04\/IMG_6147-1024x576.jpeg 1024w, https:\/\/plataformanoticias.mx\/wp-content\/uploads\/2026\/04\/IMG_6147-768x432.jpeg 768w, https:\/\/plataformanoticias.mx\/wp-content\/uploads\/2026\/04\/IMG_6147.jpeg 1500w\" sizes=\"auto, (max-width: 300px) 100vw, 300px\" \/><\/p>\n<p>Omar Alberto, de 30 a\u00f1os de edad, fue visto por \u00faltima vez el pasado s\u00e1bado 18 de abril en Mazatl\u00e1n. De acuerdo con los primeros reportes, habr\u00eda sido privado de la libertad por personas desconocidas, luego de la intercepci\u00f3n de un veh\u00edculo en el que viajaba, situaci\u00f3n que deriv\u00f3 en un llamado de emergencia al 911 y la activaci\u00f3n de operativos de b\u00fasqueda.<\/p>\n<p>Familiares denunciaron adem\u00e1s que, en medio de la incertidumbre, han sido v\u00edctimas de chantajes y extorsiones, lo que agrava a\u00fan m\u00e1s la situaci\u00f3n que enfrentan.<\/p>\n<p>Hasta el momento, las autoridades no han informado sobre resultados concretos en la localizaci\u00f3n del joven, mientras la exigencia de justicia y su pronta aparici\u00f3n con vida contin\u00faa creciendo en la regi\u00f3n.<\/p>\n","protected":false},"excerpt":{"rendered":"<p>En Los Mochis, familiares y amigos de Omar Alberto Acosta realizaron una manifestaci\u00f3n pac\u00edfica frente a las instalaciones de la Vicefiscal\u00eda Zona Norte, al cumplirse ocho d\u00edas de su desaparici\u00f3n. Vestidos de blanco y portando pancartas, los participantes recorrieron diversas calles de la ciudad con el objetivo de visibilizar el caso y exigir avances en<\/p>\n","protected":false},"author":6,"featured_media":138211,"comment_status":"closed","ping_status":"closed","sticky":false,"template":"","format":"standard","meta":{"footnotes":""},"categories":[38],"tags":[],"class_list":["post-138209","post","type-post","status-publish","format-standard","has-post-thumbnail","hentry","category-locales"],"_links":{"self":[{"href":"https:\/\/plataformanoticias.mx\/index.php?rest_route=\/wp\/v2\/posts\/138209","targetHints":{"allow":["GET"]}}],"collection":[{"href":"https:\/\/plataformanoticias.mx\/index.php?rest_route=\/wp\/v2\/posts"}],"about":[{"href":"https:\/\/plataformanoticias.mx\/index.php?rest_route=\/wp\/v2\/types\/post"}],"author":[{"embeddable":true,"href":"https:\/\/plataformanoticias.mx\/index.php?rest_route=\/wp\/v2\/users\/6"}],"replies":[{"embeddable":true,"href":"https:\/\/plataformanoticias.mx\/index.php?rest_route=%2Fwp%2Fv2%2Fcomments&post=138209"}],"version-history":[{"count":1,"href":"https:\/\/plataformanoticias.mx\/index.php?rest_route=\/wp\/v2\/posts\/138209\/revisions"}],"predecessor-version":[{"id":138213,"href":"https:\/\/plataformanoticias.mx\/index.php?rest_route=\/wp\/v2\/posts\/138209\/revisions\/138213"}],"wp:featuredmedia":[{"embeddable":true,"href":"https:\/\/plataformanoticias.mx\/index.php?rest_route=\/wp\/v2\/media\/138211"}],"wp:attachment":[{"href":"https:\/\/plataformanoticias.mx\/index.php?rest_route=%2Fwp%2Fv2%2Fmedia&parent=138209"}],"wp:term":[{"taxonomy":"category","embeddable":true,"href":"https:\/\/plataformanoticias.mx\/index.php?rest_route=%2Fwp%2Fv2%2Fcategories&post=138209"},{"taxonomy":"post_tag","embeddable":true,"href":"https:\/\/plataformanoticias.mx\/index.php?rest_route=%2Fwp%2Fv2%2Ftags&post=138209"}],"curies":[{"name":"wp","href":"https:\/\/api.w.org\/{rel}","templated":true}]}}