{"id":138218,"date":"2026-04-24T17:46:16","date_gmt":"2026-04-25T00:46:16","guid":{"rendered":"https:\/\/plataformanoticias.mx\/?p=138218"},"modified":"2026-04-24T17:46:16","modified_gmt":"2026-04-25T00:46:16","slug":"secuestro-expres-en-sinaloa-de-6-casos-oficiales-en-2023-a-892-en-2026","status":"publish","type":"post","link":"https:\/\/plataformanoticias.mx\/?p=138218","title":{"rendered":"Secuestro expr\u00e9s en Sinaloa: De 6 casos oficiales en 2023 a 892 en 2026"},"content":{"rendered":"<p>&nbsp;<\/p>\n<p>El secuestro expr\u00e9s se volvi\u00f3 rutina por la guerra interna del C\u00e1rtel de Sinaloa, de acuerdo al an\u00e1lisis estatal con datos del SESNSP y Alto al Secuestro<\/p>\n<p><strong>Los Mochis, Sinaloa<\/strong>.- Sinaloa pas\u00f3 de negar el delito a encabezar el ranking nacional de secuestros. En 13 meses acumul\u00f3 892 casos, el 62.7% del total nacional, y enero-febrero 2026 suma 40 m\u00e1s. El secuestro expr\u00e9s se volvi\u00f3 rutina por la guerra interna del C\u00e1rtel de Sinaloa.<\/p>\n<p>1. 2024: El a\u00f1o del subregistro<\/p>\n<p>Cifras oficiales: La Fiscal\u00eda de Sinaloa s\u00f3lo reconoci\u00f3 6 secuestros tradicionales en todo 2024, todos \u201cresueltos\u201d. Secuestro expr\u00e9s: 0 denuncias.<\/p>\n<p>Lo que s\u00ed pas\u00f3: La Secretar\u00eda de Seguridad P\u00fablica estatal admiti\u00f3 3 reportes de secuestro expr\u00e9s entre septiembre y noviembre, sin denuncia formal. El &#8220;modus operandi&#8221;: interceptan en moto\/auto, retienen 2-3 horas o hasta 3 d\u00edas y liberan tras pago.<\/p>\n<p>Contexto: El 9 de septiembre de 2024 inici\u00f3 la guerra \u201cLa Mayiza vs Los Chapitos\u201d. Solo de sep-dic hubo 894 desapariciones, pero los plagios no se contaban como secuestro.<\/p>\n<p>2. 2025: Sinaloa estalla y lidera M\u00e9xico<\/p>\n<p>Total acumulado: De octubre 2024 a noviembre 2025, Sinaloa registr\u00f3 892 secuestros con promedio de 5.4 diarios. Es el 1er lugar nacional.<\/p>\n<p>Mes m\u00e1s cr\u00edtico: Agosto 2025 con 28 casos, encabezando los 150 secuestros nacionales. Noviembre 2025: 12 casos, otra vez 1er lugar.<\/p>\n<p>Por municipio:<br \/>\n-Culiac\u00e1n concentra 844 casos de oct 2024 a feb 2026.<br \/>\n-Le sigue Mazatl\u00e1n con 46. -Culiac\u00e1n solo tuvo 780 secuestros hasta agosto 2025.<\/p>\n<p>Casos emblem\u00e1ticos 2026:<br \/>\n1. 23 de enero: Comando secuestr\u00f3 a 14 trabajadores, 10 de la minera Vizsla Silver en Concordia.<br \/>\nFGR identific\u00f3 5 cuerpos en El Verde.<br \/>\nCausa: se negaban a pagar $200 mil mensuales a \u201cLos Chapitos\u201d.<\/p>\n<p>2. 20 de enero: Secuestro de la tiktoker \u201cLa Nicholette\u201d en Culiac\u00e1n, sustra\u00edda de plaza comercial.<\/p>\n<p>3. 3 de febrero: Plagio de 4 turistas en Mazatl\u00e1n. Detuvieron a 10, entre ellos Iv\u00e1n \u201cTito\u201d.<\/p>\n<p>4. 20 de marzo*: Rescatan v\u00edctima en Culiac\u00e1n; exig\u00edan 4 millones de rescate. Vinculados Diego \u201cN\u201d y \u00c1ngel \u201cN\u201d.<\/p>\n<p>Conclusi\u00f3n:<br \/>\nSinaloa pas\u00f3 de 6 casos en 2024 a 932 en 16 meses. El secuestro expr\u00e9s se normaliz\u00f3 con la guerra criminal. 2026 arranc\u00f3 con 40 casos y 3 plagios masivos.<br \/>\nLa cifra negra de 80% indica que el problema es mayor al registrado.<\/p>\n","protected":false},"excerpt":{"rendered":"<p>&nbsp; El secuestro expr\u00e9s se volvi\u00f3 rutina por la guerra interna del C\u00e1rtel de Sinaloa, de acuerdo al an\u00e1lisis estatal con datos del SESNSP y Alto al Secuestro Los Mochis, Sinaloa.- Sinaloa pas\u00f3 de negar el delito a encabezar el ranking nacional de secuestros. En 13 meses acumul\u00f3 892 casos, el 62.7% del total nacional,<\/p>\n","protected":false},"author":6,"featured_media":138220,"comment_status":"closed","ping_status":"closed","sticky":false,"template":"","format":"standard","meta":{"footnotes":""},"categories":[28],"tags":[],"class_list":["post-138218","post","type-post","status-publish","format-standard","has-post-thumbnail","hentry","category-centro"],"_links":{"self":[{"href":"https:\/\/plataformanoticias.mx\/index.php?rest_route=\/wp\/v2\/posts\/138218","targetHints":{"allow":["GET"]}}],"collection":[{"href":"https:\/\/plataformanoticias.mx\/index.php?rest_route=\/wp\/v2\/posts"}],"about":[{"href":"https:\/\/plataformanoticias.mx\/index.php?rest_route=\/wp\/v2\/types\/post"}],"author":[{"embeddable":true,"href":"https:\/\/plataformanoticias.mx\/index.php?rest_route=\/wp\/v2\/users\/6"}],"replies":[{"embeddable":true,"href":"https:\/\/plataformanoticias.mx\/index.php?rest_route=%2Fwp%2Fv2%2Fcomments&post=138218"}],"version-history":[{"count":1,"href":"https:\/\/plataformanoticias.mx\/index.php?rest_route=\/wp\/v2\/posts\/138218\/revisions"}],"predecessor-version":[{"id":138221,"href":"https:\/\/plataformanoticias.mx\/index.php?rest_route=\/wp\/v2\/posts\/138218\/revisions\/138221"}],"wp:featuredmedia":[{"embeddable":true,"href":"https:\/\/plataformanoticias.mx\/index.php?rest_route=\/wp\/v2\/media\/138220"}],"wp:attachment":[{"href":"https:\/\/plataformanoticias.mx\/index.php?rest_route=%2Fwp%2Fv2%2Fmedia&parent=138218"}],"wp:term":[{"taxonomy":"category","embeddable":true,"href":"https:\/\/plataformanoticias.mx\/index.php?rest_route=%2Fwp%2Fv2%2Fcategories&post=138218"},{"taxonomy":"post_tag","embeddable":true,"href":"https:\/\/plataformanoticias.mx\/index.php?rest_route=%2Fwp%2Fv2%2Ftags&post=138218"}],"curies":[{"name":"wp","href":"https:\/\/api.w.org\/{rel}","templated":true}]}}