{"id":138261,"date":"2026-04-25T21:01:47","date_gmt":"2026-04-26T04:01:47","guid":{"rendered":"https:\/\/plataformanoticias.mx\/?p=138261"},"modified":"2026-04-25T21:01:47","modified_gmt":"2026-04-26T04:01:47","slug":"la-ssp-sinaloa-celebra-el-dia-de-la-ninez-con-jornada-recreativa-juegos-y-convivencia-familiar","status":"publish","type":"post","link":"https:\/\/plataformanoticias.mx\/?p=138261","title":{"rendered":"La SSP Sinaloa celebra el D\u00eda de la Ni\u00f1ez con jornada recreativa, juegos y convivencia familiar"},"content":{"rendered":"<p>&nbsp;<\/p>\n<p>&nbsp;<\/p>\n<p><strong>Culiac\u00e1n, Sinaloa.\u2013<\/strong>En un ambiente lleno de alegr\u00eda, convivencia y sana diversi\u00f3n, la Secretar\u00eda de Seguridad P\u00fablica del Estado de Sinaloa llev\u00f3 a cabo el festejo del D\u00eda de la Ni\u00f1ez en las instalaciones de la Universidad de la Polic\u00eda, donde se reunieron ni\u00f1as y ni\u00f1os, hijos del personal administrativo y policial, para disfrutar de una jornada especialmente organizada en su honor.<\/p>\n<p>El objetivo de esta celebraci\u00f3n fue no solo conmemorar esta fecha especial, sino tambi\u00e9n fortalecer los lazos de cercan\u00eda entre el personal de la Secretar\u00eda, promoviendo entornos de confianza, paz y convivencia.<\/p>\n<p>Las y los asistentes disfrutaron de una amplia variedad de actividades, entre las que destacaron juegos mec\u00e1nicos infantiles, \u00e1reas de pintura, inflables, din\u00e1micas recreativas y la tradicional pi\u00f1ata, que se convirti\u00f3 en uno de los momentos m\u00e1s emotivos y divertidos del festejo. Cada espacio fue acondicionado para brindar seguridad y entretenimiento a las familias presentes.<\/p>\n<p>En su mensaje, el Secretario de Seguridad P\u00fablica del Estado de Sinaloa, Sinhu\u00e9 T\u00e9llez L\u00f3pez, agradeci\u00f3 la presencia de todas las familias, en especial de las ni\u00f1as y los ni\u00f1os, por acompa\u00f1arlos en esta celebraci\u00f3n anticipada del D\u00eda de la Ni\u00f1ez. Asimismo, invit\u00f3 a las y los asistentes a continuar disfrutando del evento, preparado especialmente para ellos como reconocimiento a sus madres y padres por el esfuerzo y la dedicaci\u00f3n que, d\u00eda con d\u00eda, se refleja en sus hogares.<\/p>\n<p>Durante la jornada tambi\u00e9n se realizaron diversas rifas de obsequios, entre los que destacaron bicicletas y patinetas, generando gran entusiasmo entre las y los menores, quienes celebraron con alegr\u00eda cada uno de los premios entregados.<\/p>\n<p>El evento cont\u00f3 con la presencia del Subsecretario de Prevenci\u00f3n y Reinserci\u00f3n Social, Gral. Humberto Zer\u00f3n Mart\u00ednez; el Subsecretario de Estudios, Proyectos y Desarrollo, Coronel Jes\u00fas Felipe Ju\u00e1rez Pati\u00f1o; la Directora de Programas Preventivos, Guadalupe C\u00e1zares Gallegos; y el representante de la fundaci\u00f3n GS1 Holding, Daniel Guti\u00e9rrez Moore.<\/p>\n<p>Como parte del festejo, el Secretario, acompa\u00f1ado de diversas autoridades, realiz\u00f3 un recorrido por las instalaciones para saludar a las familias y supervisar el desarrollo de las actividades.<\/p>\n<p>En este festejo tambi\u00e9n se cont\u00f3 con la participaci\u00f3n del personal de la Secretar\u00eda de Seguridad P\u00fablica y de la Secretar\u00eda de Seguridad P\u00fablica Municipal de Culiac\u00e1n, quienes se encargaron de las actividades y de la seguridad, garantizando en todo momento el orden y el bienestar de las y los asistentes.<\/p>\n<p>Con estas acciones, la Secretar\u00eda de Seguridad P\u00fablica del Estado de Sinaloa refrenda su compromiso de impulsar actividades que fortalezcan el tejido social, fomenten la convivencia familiar y contribuyan al desarrollo integral de la ni\u00f1ez sinaloense.<\/p>\n","protected":false},"excerpt":{"rendered":"<p>&nbsp; &nbsp; Culiac\u00e1n, Sinaloa.\u2013En un ambiente lleno de alegr\u00eda, convivencia y sana diversi\u00f3n, la Secretar\u00eda de Seguridad P\u00fablica del Estado de Sinaloa llev\u00f3 a cabo el festejo del D\u00eda de la Ni\u00f1ez en las instalaciones de la Universidad de la Polic\u00eda, donde se reunieron ni\u00f1as y ni\u00f1os, hijos del personal administrativo y policial, para disfrutar<\/p>\n","protected":false},"author":6,"featured_media":138263,"comment_status":"closed","ping_status":"closed","sticky":false,"template":"","format":"standard","meta":{"footnotes":""},"categories":[28],"tags":[],"class_list":["post-138261","post","type-post","status-publish","format-standard","has-post-thumbnail","hentry","category-centro"],"_links":{"self":[{"href":"https:\/\/plataformanoticias.mx\/index.php?rest_route=\/wp\/v2\/posts\/138261","targetHints":{"allow":["GET"]}}],"collection":[{"href":"https:\/\/plataformanoticias.mx\/index.php?rest_route=\/wp\/v2\/posts"}],"about":[{"href":"https:\/\/plataformanoticias.mx\/index.php?rest_route=\/wp\/v2\/types\/post"}],"author":[{"embeddable":true,"href":"https:\/\/plataformanoticias.mx\/index.php?rest_route=\/wp\/v2\/users\/6"}],"replies":[{"embeddable":true,"href":"https:\/\/plataformanoticias.mx\/index.php?rest_route=%2Fwp%2Fv2%2Fcomments&post=138261"}],"version-history":[{"count":1,"href":"https:\/\/plataformanoticias.mx\/index.php?rest_route=\/wp\/v2\/posts\/138261\/revisions"}],"predecessor-version":[{"id":138264,"href":"https:\/\/plataformanoticias.mx\/index.php?rest_route=\/wp\/v2\/posts\/138261\/revisions\/138264"}],"wp:featuredmedia":[{"embeddable":true,"href":"https:\/\/plataformanoticias.mx\/index.php?rest_route=\/wp\/v2\/media\/138263"}],"wp:attachment":[{"href":"https:\/\/plataformanoticias.mx\/index.php?rest_route=%2Fwp%2Fv2%2Fmedia&parent=138261"}],"wp:term":[{"taxonomy":"category","embeddable":true,"href":"https:\/\/plataformanoticias.mx\/index.php?rest_route=%2Fwp%2Fv2%2Fcategories&post=138261"},{"taxonomy":"post_tag","embeddable":true,"href":"https:\/\/plataformanoticias.mx\/index.php?rest_route=%2Fwp%2Fv2%2Ftags&post=138261"}],"curies":[{"name":"wp","href":"https:\/\/api.w.org\/{rel}","templated":true}]}}