{"id":138455,"date":"2026-04-29T20:28:33","date_gmt":"2026-04-30T03:28:33","guid":{"rendered":"https:\/\/plataformanoticias.mx\/?p=138455"},"modified":"2026-04-29T20:28:33","modified_gmt":"2026-04-30T03:28:33","slug":"juan-de-dios-gamez-trabajo-legalidad-y-responsabilidad-marcan-nuestro-compromiso-por-culiacan","status":"publish","type":"post","link":"https:\/\/plataformanoticias.mx\/?p=138455","title":{"rendered":"Juan de Dios G\u00e1mez: \u201cTrabajo, legalidad y responsabilidad marcan nuestro compromiso por Culiac\u00e1n\u201d"},"content":{"rendered":"<p>El presidente municipal afirma que su conducta p\u00fablica y privada se ha mantenido siempre dentro del marco de la ley y asegura que continuar\u00e1 enfocado en atender las necesidades de la ciudadan\u00eda.<\/p>\n<p><img loading=\"lazy\" decoding=\"async\" class=\"alignnone size-medium wp-image-138457\" src=\"https:\/\/plataformanoticias.mx\/wp-content\/uploads\/2026\/04\/55f39f43-9063-4963-b2b4-e24a267e4ed8-300x200.jpeg\" alt=\"\" width=\"300\" height=\"200\" srcset=\"https:\/\/plataformanoticias.mx\/wp-content\/uploads\/2026\/04\/55f39f43-9063-4963-b2b4-e24a267e4ed8-300x200.jpeg 300w, https:\/\/plataformanoticias.mx\/wp-content\/uploads\/2026\/04\/55f39f43-9063-4963-b2b4-e24a267e4ed8-1024x682.jpeg 1024w, https:\/\/plataformanoticias.mx\/wp-content\/uploads\/2026\/04\/55f39f43-9063-4963-b2b4-e24a267e4ed8-768x512.jpeg 768w, https:\/\/plataformanoticias.mx\/wp-content\/uploads\/2026\/04\/55f39f43-9063-4963-b2b4-e24a267e4ed8-1536x1023.jpeg 1536w, https:\/\/plataformanoticias.mx\/wp-content\/uploads\/2026\/04\/55f39f43-9063-4963-b2b4-e24a267e4ed8.jpeg 1600w\" sizes=\"auto, (max-width: 300px) 100vw, 300px\" \/><\/p>\n<p><strong>Culiac\u00e1n, Sinaloa<\/strong>.- El alcalde de Culiac\u00e1n, Juan de Dios G\u00e1mez Mend\u00edvil, reafirm\u00f3 que a lo largo de su trayectoria en el servicio p\u00fablico, as\u00ed como en su vida personal, se ha conducido con apego irrestricto a la legalidad, con responsabilidad institucional y respeto a la ciudadan\u00eda.<\/p>\n<p>Al ser abordado por medios de comunicaci\u00f3n respecto a se\u00f1alamientos difundidos este d\u00eda en distintos espacios informativos, el presidente municipal fij\u00f3 una postura clara, subrayando que su actuar siempre ha estado dentro del marco del Estado de Derecho.<\/p>\n<p>\u201cSiempre nos hemos conducido con ese debido respeto a las leyes, a la ciudadan\u00eda y a lo que marca la parte institucional; nuestra agenda siempre ha sido de trabajo, dentro de la legalidad, nunca fuera de ella\u201d, expres\u00f3.<\/p>\n<p>G\u00e1mez Mend\u00edvil destac\u00f3 que su compromiso con Culiac\u00e1n est\u00e1 respaldado por la confianza ciudadana, recordando que primero asumi\u00f3 la responsabilidad como alcalde por designaci\u00f3n del Congreso del Estado y posteriormente fue electo mediante el voto popular de m\u00e1s de 200 mil culiacanenses, a quienes \u2014dijo\u2014 se debe con lealtad y resultados.<\/p>\n<p>En ese sentido, enfatiz\u00f3 que, ante los retos actuales, su administraci\u00f3n mantiene el enfoque en dar respuesta a las necesidades de la poblaci\u00f3n, sin distracciones, a trav\u00e9s de una agenda de trabajo permanente en colonias, sindicaturas y espacios p\u00fablicos.<\/p>\n<p>\u201cEl compromiso es con la gente, con sus necesidades, con su desarrollo y bienestar. Somos de aqu\u00ed, aqu\u00ed vivimos, aqu\u00ed est\u00e1n nuestras familias; no tendr\u00edamos cara para verlos si no actu\u00e1ramos con responsabilidad y honestidad\u201d, manifest\u00f3.<\/p>\n<p>Como muestra del trabajo realizado, el alcalde mencion\u00f3 avances en infraestructura urbana, con m\u00e1s de 450 calles pavimentadas o en proceso, as\u00ed como el impulso a proyectos de mejora de servicios p\u00fablicos, rehabilitaci\u00f3n de espacios, equipamiento de cuadrillas municipales y programas de reforestaci\u00f3n y recuperaci\u00f3n de \u00e1reas comunes.<\/p>\n<p>Asimismo, resalt\u00f3 acciones en materia de inclusi\u00f3n y desarrollo social, como la construcci\u00f3n de espacios deportivos adaptados, el fortalecimiento del deporte inclusivo y la atenci\u00f3n directa a planteles educativos, cumpliendo compromisos establecidos con estudiantes y docentes.<\/p>\n<p>El presidente municipal reiter\u00f3 que su gobierno se ha caracterizado por privilegiar el di\u00e1logo, el trabajo cercano con la ciudadan\u00eda y una conducta institucional basada en el respeto, alej\u00e1ndose de confrontaciones est\u00e9riles.<\/p>\n<p>\u201cNosotros no nos distraemos; seguimos trabajando todos los d\u00edas. Hay agenda hoy, ma\u00f1ana y la pr\u00f3xima semana, porque Culiac\u00e1n tiene necesidades que requieren atenci\u00f3n permanente\u201d, puntualiz\u00f3.<\/p>\n<p>Finalmente, Juan de Dios G\u00e1mez Mend\u00edvil asegur\u00f3 que continuar\u00e1 desempe\u00f1ando su responsabilidad al frente del Ayuntamiento con dignidad, firmeza y apego a la ley, manteniendo como prioridad el bienestar de las y los culiacanenses.<\/p>\n<p>\u201cJuan de Dios G\u00e1mez va a seguir trabajando por Culiac\u00e1n, con responsabilidad, con compromiso y con la convicci\u00f3n de que s\u00ed se puede confiar en su gobierno\u201d, concluy\u00f3.<\/p>\n","protected":false},"excerpt":{"rendered":"<p>El presidente municipal afirma que su conducta p\u00fablica y privada se ha mantenido siempre dentro del marco de la ley y asegura que continuar\u00e1 enfocado en atender las necesidades de la ciudadan\u00eda. Culiac\u00e1n, Sinaloa.- El alcalde de Culiac\u00e1n, Juan de Dios G\u00e1mez Mend\u00edvil, reafirm\u00f3 que a lo largo de su trayectoria en el servicio p\u00fablico,<\/p>\n","protected":false},"author":6,"featured_media":138458,"comment_status":"closed","ping_status":"closed","sticky":false,"template":"","format":"standard","meta":{"footnotes":""},"categories":[28],"tags":[],"class_list":["post-138455","post","type-post","status-publish","format-standard","has-post-thumbnail","hentry","category-centro"],"_links":{"self":[{"href":"https:\/\/plataformanoticias.mx\/index.php?rest_route=\/wp\/v2\/posts\/138455","targetHints":{"allow":["GET"]}}],"collection":[{"href":"https:\/\/plataformanoticias.mx\/index.php?rest_route=\/wp\/v2\/posts"}],"about":[{"href":"https:\/\/plataformanoticias.mx\/index.php?rest_route=\/wp\/v2\/types\/post"}],"author":[{"embeddable":true,"href":"https:\/\/plataformanoticias.mx\/index.php?rest_route=\/wp\/v2\/users\/6"}],"replies":[{"embeddable":true,"href":"https:\/\/plataformanoticias.mx\/index.php?rest_route=%2Fwp%2Fv2%2Fcomments&post=138455"}],"version-history":[{"count":1,"href":"https:\/\/plataformanoticias.mx\/index.php?rest_route=\/wp\/v2\/posts\/138455\/revisions"}],"predecessor-version":[{"id":138459,"href":"https:\/\/plataformanoticias.mx\/index.php?rest_route=\/wp\/v2\/posts\/138455\/revisions\/138459"}],"wp:featuredmedia":[{"embeddable":true,"href":"https:\/\/plataformanoticias.mx\/index.php?rest_route=\/wp\/v2\/media\/138458"}],"wp:attachment":[{"href":"https:\/\/plataformanoticias.mx\/index.php?rest_route=%2Fwp%2Fv2%2Fmedia&parent=138455"}],"wp:term":[{"taxonomy":"category","embeddable":true,"href":"https:\/\/plataformanoticias.mx\/index.php?rest_route=%2Fwp%2Fv2%2Fcategories&post=138455"},{"taxonomy":"post_tag","embeddable":true,"href":"https:\/\/plataformanoticias.mx\/index.php?rest_route=%2Fwp%2Fv2%2Ftags&post=138455"}],"curies":[{"name":"wp","href":"https:\/\/api.w.org\/{rel}","templated":true}]}}