{"id":138468,"date":"2026-04-29T21:48:37","date_gmt":"2026-04-30T04:48:37","guid":{"rendered":"https:\/\/plataformanoticias.mx\/?p=138468"},"modified":"2026-04-29T21:48:37","modified_gmt":"2026-04-30T04:48:37","slug":"se-formaliza-subsidio-a-las-tarifas-de-energia-electrica-en-sinaloa","status":"publish","type":"post","link":"https:\/\/plataformanoticias.mx\/?p=138468","title":{"rendered":"Se formaliza subsidio a las tarifas de energ\u00eda el\u00e9ctrica en Sinaloa"},"content":{"rendered":"<p>&nbsp;<\/p>\n<p>El gobernador Rocha encabeza reuni\u00f3n con directivos de la CFE; se aplicar\u00e1 del 1 de mayo y al 31 de octubre de 2026.<\/p>\n<p><img loading=\"lazy\" decoding=\"async\" class=\"alignnone size-medium wp-image-138472\" src=\"https:\/\/plataformanoticias.mx\/wp-content\/uploads\/2026\/04\/f0aef25b-e694-4508-b10a-410ef201e290-300x200.jpeg\" alt=\"\" width=\"300\" height=\"200\" srcset=\"https:\/\/plataformanoticias.mx\/wp-content\/uploads\/2026\/04\/f0aef25b-e694-4508-b10a-410ef201e290-300x200.jpeg 300w, https:\/\/plataformanoticias.mx\/wp-content\/uploads\/2026\/04\/f0aef25b-e694-4508-b10a-410ef201e290-1024x683.jpeg 1024w, https:\/\/plataformanoticias.mx\/wp-content\/uploads\/2026\/04\/f0aef25b-e694-4508-b10a-410ef201e290-768x512.jpeg 768w, https:\/\/plataformanoticias.mx\/wp-content\/uploads\/2026\/04\/f0aef25b-e694-4508-b10a-410ef201e290-1536x1024.jpeg 1536w, https:\/\/plataformanoticias.mx\/wp-content\/uploads\/2026\/04\/f0aef25b-e694-4508-b10a-410ef201e290.jpeg 1600w\" sizes=\"auto, (max-width: 300px) 100vw, 300px\" \/><\/p>\n<p>Se beneficiar\u00e1n 588 mil 847 familias sinaloenses<\/p>\n<p><img loading=\"lazy\" decoding=\"async\" class=\"alignnone size-medium wp-image-138470\" src=\"https:\/\/plataformanoticias.mx\/wp-content\/uploads\/2026\/04\/66f081b7-2020-49ee-bfc0-f1b2bb9e8268-300x200.jpeg\" alt=\"\" width=\"300\" height=\"200\" srcset=\"https:\/\/plataformanoticias.mx\/wp-content\/uploads\/2026\/04\/66f081b7-2020-49ee-bfc0-f1b2bb9e8268-300x200.jpeg 300w, https:\/\/plataformanoticias.mx\/wp-content\/uploads\/2026\/04\/66f081b7-2020-49ee-bfc0-f1b2bb9e8268-1024x683.jpeg 1024w, https:\/\/plataformanoticias.mx\/wp-content\/uploads\/2026\/04\/66f081b7-2020-49ee-bfc0-f1b2bb9e8268-768x512.jpeg 768w, https:\/\/plataformanoticias.mx\/wp-content\/uploads\/2026\/04\/66f081b7-2020-49ee-bfc0-f1b2bb9e8268-1536x1024.jpeg 1536w, https:\/\/plataformanoticias.mx\/wp-content\/uploads\/2026\/04\/66f081b7-2020-49ee-bfc0-f1b2bb9e8268.jpeg 1600w\" sizes=\"auto, (max-width: 300px) 100vw, 300px\" \/><\/p>\n<p><strong>Culiac\u00e1n, Sinaloa.<\/strong>&#8211; A partir del pr\u00f3ximo 1 de Mayo y hasta el 31 de Octubre de este a\u00f1o, se aplicar\u00e1 en Sinaloa un subsidio a las tarifas de energ\u00eda el\u00e9ctrica, de acuerdo con el convenio que se firm\u00f3 este jueves para formalizar el apoyo.<\/p>\n<p>El gobernador Rub\u00e9n Rocha Moya encabez\u00f3 la reuni\u00f3n junto con directivos de la CFE como el gerente de Distribuci\u00f3n Divisi\u00f3n Noroeste, Hugo Mart\u00ednez Lendechy, y el encargado temporal de la Subgerencia Comercial, Emanuel Abril Herrera.<\/p>\n<p>El beneficio es para usuarios dom\u00e9sticos de todo el estado y significa un gran ahorro para 588 mil 847 familias sinaloenses.<\/p>\n<p>Adem\u00e1s, asistieron la Secretaria de Gobierno, Yeraldine Bonilla Valverde; el Secretario de Administraci\u00f3n y Finanzas, Joaqu\u00edn Alberto Landeros Guicho, y la Secretaria de Transparencia y Rendici\u00f3n de Cuentas, Sandra Guadalupe Angulo C\u00e1zarez.<\/p>\n","protected":false},"excerpt":{"rendered":"<p>&nbsp; El gobernador Rocha encabeza reuni\u00f3n con directivos de la CFE; se aplicar\u00e1 del 1 de mayo y al 31 de octubre de 2026. Se beneficiar\u00e1n 588 mil 847 familias sinaloenses Culiac\u00e1n, Sinaloa.&#8211; A partir del pr\u00f3ximo 1 de Mayo y hasta el 31 de Octubre de este a\u00f1o, se aplicar\u00e1 en Sinaloa un subsidio<\/p>\n","protected":false},"author":6,"featured_media":138471,"comment_status":"closed","ping_status":"closed","sticky":false,"template":"","format":"standard","meta":{"footnotes":""},"categories":[28],"tags":[],"class_list":["post-138468","post","type-post","status-publish","format-standard","has-post-thumbnail","hentry","category-centro"],"_links":{"self":[{"href":"https:\/\/plataformanoticias.mx\/index.php?rest_route=\/wp\/v2\/posts\/138468","targetHints":{"allow":["GET"]}}],"collection":[{"href":"https:\/\/plataformanoticias.mx\/index.php?rest_route=\/wp\/v2\/posts"}],"about":[{"href":"https:\/\/plataformanoticias.mx\/index.php?rest_route=\/wp\/v2\/types\/post"}],"author":[{"embeddable":true,"href":"https:\/\/plataformanoticias.mx\/index.php?rest_route=\/wp\/v2\/users\/6"}],"replies":[{"embeddable":true,"href":"https:\/\/plataformanoticias.mx\/index.php?rest_route=%2Fwp%2Fv2%2Fcomments&post=138468"}],"version-history":[{"count":1,"href":"https:\/\/plataformanoticias.mx\/index.php?rest_route=\/wp\/v2\/posts\/138468\/revisions"}],"predecessor-version":[{"id":138473,"href":"https:\/\/plataformanoticias.mx\/index.php?rest_route=\/wp\/v2\/posts\/138468\/revisions\/138473"}],"wp:featuredmedia":[{"embeddable":true,"href":"https:\/\/plataformanoticias.mx\/index.php?rest_route=\/wp\/v2\/media\/138471"}],"wp:attachment":[{"href":"https:\/\/plataformanoticias.mx\/index.php?rest_route=%2Fwp%2Fv2%2Fmedia&parent=138468"}],"wp:term":[{"taxonomy":"category","embeddable":true,"href":"https:\/\/plataformanoticias.mx\/index.php?rest_route=%2Fwp%2Fv2%2Fcategories&post=138468"},{"taxonomy":"post_tag","embeddable":true,"href":"https:\/\/plataformanoticias.mx\/index.php?rest_route=%2Fwp%2Fv2%2Ftags&post=138468"}],"curies":[{"name":"wp","href":"https:\/\/api.w.org\/{rel}","templated":true}]}}